{"id":3749,"date":"2024-10-28T12:36:44","date_gmt":"2024-10-28T15:36:44","guid":{"rendered":"https:\/\/tveventos.tv.br\/?p=3749"},"modified":"2024-10-28T12:36:49","modified_gmt":"2024-10-28T15:36:49","slug":"agrishow-2024-se-encerra-com-r13608-bilhoes-em-intencoes-de-negocios-e-proporciona-melhor-experiencia-ao-cliente","status":"publish","type":"post","link":"https:\/\/tveventos.tv.br\/?p=3749","title":{"rendered":"Agrishow 2024 se encerra com R$13,608 bilh\u00f5es em inten\u00e7\u00f5es de neg\u00f3cios e proporciona melhor experi\u00eancia ao cliente"},"content":{"rendered":"\n<p class=\"has-text-align-center\"><em>A maior feira de agroneg\u00f3cio da Am\u00e9rica Latina registrou o aumento de 2,4% em transa\u00e7\u00f5es comerciais e inten\u00e7\u00f5es de neg\u00f3cios com o p\u00fablico de aproximadamente 195 mil pessoas<\/em>.<\/p>\n\n\n\n<p>A 29\u00aa edi\u00e7\u00e3o da Agrishow, que se encerra nesta sexta-feira, dia 3 de maio, em Ribeir\u00e3o Preto (SP), novamente alcan\u00e7ou o volume recorde de R$ 13,608 bilh\u00f5es de inten\u00e7\u00f5es de neg\u00f3cios especificamente de m\u00e1quinas e implementos agr\u00edcolas. O crescimento foi de 2,4%, se comparado \u00e0 edi\u00e7\u00e3o de 2023, quando foi registrado o n\u00famero de R$13,290 bilh\u00f5es.<\/p>\n\n\n\n<p>No que tange aos visitantes, o n\u00famero permaneceu equivalente ao do ano anterior. Com aproximadamente 195 mil pessoas, a feira contou com produtores rurais de pequenas, m\u00e9dias e grandes propriedades de todas as regi\u00f5es do pa\u00eds, bem como do exterior.<\/p>\n\n\n\n<p>\u201cA mobilidade e a infraestrutura da feira foram alguns dos destaques, que permitiram aos visitantes uma melhor experi\u00eancia, principalmente para aqueles que comp\u00f5em a agricultura familiar \u2013 p\u00fablico ao qual se atribuiu grande parte do crescimento da Agrishow 2024\u201d, declara Jo\u00e3o Marchesan, presidente da Agrishow.<\/p>\n\n\n\n<p>Ainda que o cen\u00e1rio n\u00e3o fosse o mais favor\u00e1vel para o setor, o retorno dos produtores rurais e expectativas da feira foram superadas, apesar de fatores como o clima, juros altos e falta de recursos controlados. \u201cMantivemos os visitantes e aumentamos as inten\u00e7\u00f5es de neg\u00f3cios. E esperamos que para o pr\u00f3ximo ano o agroneg\u00f3cio brasileiro possa estar ainda mais forte e pujante\u201d, conclui Marchesan.<\/p>\n\n\n\n<p>Em 2025, a Agrishow acontece entre 28 de abril e 2 de maio.<\/p>\n\n\n\n<p><strong>Sobre a Agrishow<\/strong><\/p>\n\n\n\n<p>A Agrishow 2024 \u00e9 uma iniciativa das principais entidades do agroneg\u00f3cio no pa\u00eds: Abag \u2013 Associa\u00e7\u00e3o Brasileira do Agroneg\u00f3cio, Abimaq \u2013 Associa\u00e7\u00e3o Brasileira da Ind\u00fastria de M\u00e1quinas e Equipamentos, Anda \u2013 Associa\u00e7\u00e3o Nacional para Difus\u00e3o de Adubos, Faesp \u2013 Federa\u00e7\u00e3o da Agricultura e da Pecu\u00e1ria do Estado de S\u00e3o Paulo e SRB &#8211; Sociedade Rural Brasileira, e \u00e9 organizado pela Informa Markets, integrante do Grupo Informa, um dos maiores promotores de feiras, confer\u00eancias e treinamento do mundo com capital aberto.<\/p>\n","protected":false},"excerpt":{"rendered":"<p>A maior feira de agroneg\u00f3cio da Am\u00e9rica Latina registrou o aumento de 2,4% em transa\u00e7\u00f5es comerciais e inten\u00e7\u00f5es de neg\u00f3cios com o p\u00fablico de aproximadamente 195 mil pessoas. A 29\u00aa edi\u00e7\u00e3o da Agrishow, que se encerra nesta sexta-feira, dia 3 de maio, em Ribeir\u00e3o Preto (SP), novamente alcan\u00e7ou o volume recorde de R$ 13,608 bilh\u00f5es [&hellip;]<\/p>\n","protected":false},"author":2,"featured_media":3750,"comment_status":"open","ping_status":"open","sticky":false,"template":"","format":"standard","meta":{"footnotes":""},"categories":[23],"tags":[],"class_list":{"0":"post-3749","1":"post","2":"type-post","3":"status-publish","4":"format-standard","5":"has-post-thumbnail","7":"category-feirasdenegocios"},"_links":{"self":[{"href":"https:\/\/tveventos.tv.br\/index.php?rest_route=\/wp\/v2\/posts\/3749","targetHints":{"allow":["GET"]}}],"collection":[{"href":"https:\/\/tveventos.tv.br\/index.php?rest_route=\/wp\/v2\/posts"}],"about":[{"href":"https:\/\/tveventos.tv.br\/index.php?rest_route=\/wp\/v2\/types\/post"}],"author":[{"embeddable":true,"href":"https:\/\/tveventos.tv.br\/index.php?rest_route=\/wp\/v2\/users\/2"}],"replies":[{"embeddable":true,"href":"https:\/\/tveventos.tv.br\/index.php?rest_route=%2Fwp%2Fv2%2Fcomments&post=3749"}],"version-history":[{"count":1,"href":"https:\/\/tveventos.tv.br\/index.php?rest_route=\/wp\/v2\/posts\/3749\/revisions"}],"predecessor-version":[{"id":3751,"href":"https:\/\/tveventos.tv.br\/index.php?rest_route=\/wp\/v2\/posts\/3749\/revisions\/3751"}],"wp:featuredmedia":[{"embeddable":true,"href":"https:\/\/tveventos.tv.br\/index.php?rest_route=\/wp\/v2\/media\/3750"}],"wp:attachment":[{"href":"https:\/\/tveventos.tv.br\/index.php?rest_route=%2Fwp%2Fv2%2Fmedia&parent=3749"}],"wp:term":[{"taxonomy":"category","embeddable":true,"href":"https:\/\/tveventos.tv.br\/index.php?rest_route=%2Fwp%2Fv2%2Fcategories&post=3749"},{"taxonomy":"post_tag","embeddable":true,"href":"https:\/\/tveventos.tv.br\/index.php?rest_route=%2Fwp%2Fv2%2Ftags&post=3749"}],"curies":[{"name":"wp","href":"https:\/\/api.w.org\/{rel}","templated":true}]}}