{"id":3755,"date":"2024-10-28T15:14:35","date_gmt":"2024-10-28T18:14:35","guid":{"rendered":"https:\/\/tveventos.tv.br\/?p=3755"},"modified":"2024-10-28T15:14:38","modified_gmt":"2024-10-28T18:14:38","slug":"feira-opera-2","status":"publish","type":"post","link":"https:\/\/tveventos.tv.br\/?p=3755","title":{"rendered":"Feira \u00d3pera"},"content":{"rendered":"\n<p>Com mais de 150 marcas nacionais e internacionais, a feira se consolida como um dos maiores eventos do setor, reunindo expositores e lojistas de todo pa\u00eds, com foco no p\u00fablico A e B.<\/p>\n\n\n\n<p>O \u00d3pera permite aos visitantes conhecerem marcas de grande representatividade dos segmentos de decora\u00e7\u00e3o, enxoval, moda materna, baby, kids e teen, cal\u00e7ados, acess\u00f3rios, puericultura leve e pesada, beachwear e underwear.&nbsp;<\/p>\n\n\n\n<p>Junte-se a n\u00f3s nos dias 29 e 30 de outubro das 09h \u00e0s 20h, no Pro Magno.<\/p>\n\n\n\n<p>Endere\u00e7o: Avenida Professora Ida Kolb 513, S\u00e3o Paulo, S\u00e3o Paulo, 02518-000&nbsp;<\/p>\n","protected":false},"excerpt":{"rendered":"<p>Com mais de 150 marcas nacionais e internacionais, a feira se consolida como um dos maiores eventos do setor, reunindo expositores e lojistas de todo pa\u00eds, com foco no p\u00fablico A e B. O \u00d3pera permite aos visitantes conhecerem marcas de grande representatividade dos segmentos de decora\u00e7\u00e3o, enxoval, moda materna, baby, kids e teen, cal\u00e7ados, [&hellip;]<\/p>\n","protected":false},"author":3,"featured_media":3756,"comment_status":"open","ping_status":"open","sticky":false,"template":"","format":"standard","meta":{"footnotes":""},"categories":[25],"tags":[],"class_list":{"0":"post-3755","1":"post","2":"type-post","3":"status-publish","4":"format-standard","5":"has-post-thumbnail","7":"category-calendariodeeventos"},"_links":{"self":[{"href":"https:\/\/tveventos.tv.br\/index.php?rest_route=\/wp\/v2\/posts\/3755","targetHints":{"allow":["GET"]}}],"collection":[{"href":"https:\/\/tveventos.tv.br\/index.php?rest_route=\/wp\/v2\/posts"}],"about":[{"href":"https:\/\/tveventos.tv.br\/index.php?rest_route=\/wp\/v2\/types\/post"}],"author":[{"embeddable":true,"href":"https:\/\/tveventos.tv.br\/index.php?rest_route=\/wp\/v2\/users\/3"}],"replies":[{"embeddable":true,"href":"https:\/\/tveventos.tv.br\/index.php?rest_route=%2Fwp%2Fv2%2Fcomments&post=3755"}],"version-history":[{"count":1,"href":"https:\/\/tveventos.tv.br\/index.php?rest_route=\/wp\/v2\/posts\/3755\/revisions"}],"predecessor-version":[{"id":3757,"href":"https:\/\/tveventos.tv.br\/index.php?rest_route=\/wp\/v2\/posts\/3755\/revisions\/3757"}],"wp:featuredmedia":[{"embeddable":true,"href":"https:\/\/tveventos.tv.br\/index.php?rest_route=\/wp\/v2\/media\/3756"}],"wp:attachment":[{"href":"https:\/\/tveventos.tv.br\/index.php?rest_route=%2Fwp%2Fv2%2Fmedia&parent=3755"}],"wp:term":[{"taxonomy":"category","embeddable":true,"href":"https:\/\/tveventos.tv.br\/index.php?rest_route=%2Fwp%2Fv2%2Fcategories&post=3755"},{"taxonomy":"post_tag","embeddable":true,"href":"https:\/\/tveventos.tv.br\/index.php?rest_route=%2Fwp%2Fv2%2Ftags&post=3755"}],"curies":[{"name":"wp","href":"https:\/\/api.w.org\/{rel}","templated":true}]}}