{"id":3764,"date":"2024-10-28T18:18:42","date_gmt":"2024-10-28T21:18:42","guid":{"rendered":"https:\/\/tveventos.tv.br\/?p=3764"},"modified":"2024-10-28T18:18:44","modified_gmt":"2024-10-28T21:18:44","slug":"fenatran","status":"publish","type":"post","link":"https:\/\/tveventos.tv.br\/?p=3764","title":{"rendered":"FENATRAN"},"content":{"rendered":"\n<p>A FENATRAN \u00e9 a principal feira da Am\u00e9rica Latina no setor de transporte rodovi\u00e1rio de cargas, realizada a cada dois anos, \u00e9 considerada o maior encontro do setor dedicado \u00e0 gera\u00e7\u00e3o de neg\u00f3cios, networking e experi\u00eancias e a cada nova edi\u00e7\u00e3o, re\u00fane a maior comunidade de profissionais qualificados com os principais players do setor.<\/p>\n\n\n\n<p>Junte-se a n\u00f3s nos dias 04 a 08 de novembro, no S\u00e3o Paulo Expo.<\/p>\n\n\n\n<p>Hor\u00e1rios: 04\/11 &#8211; 16h \u00e0s 21h<\/p>\n\n\n\n<p>05 a 08\/11 das 13h \u00e0s 21h<\/p>\n\n\n\n<p>Endere\u00e7o: Rod. dos Imigrantes 5, S\/N, km. 1, S\u00e3o Paulo, SP, 04329-900<\/p>\n","protected":false},"excerpt":{"rendered":"<p>A FENATRAN \u00e9 a principal feira da Am\u00e9rica Latina no setor de transporte rodovi\u00e1rio de cargas, realizada a cada dois anos, \u00e9 considerada o maior encontro do setor dedicado \u00e0 gera\u00e7\u00e3o de neg\u00f3cios, networking e experi\u00eancias e a cada nova edi\u00e7\u00e3o, re\u00fane a maior comunidade de profissionais qualificados com os principais players do setor. Junte-se [&hellip;]<\/p>\n","protected":false},"author":3,"featured_media":3765,"comment_status":"open","ping_status":"open","sticky":false,"template":"","format":"standard","meta":{"footnotes":""},"categories":[25],"tags":[],"class_list":{"0":"post-3764","1":"post","2":"type-post","3":"status-publish","4":"format-standard","5":"has-post-thumbnail","7":"category-calendariodeeventos"},"_links":{"self":[{"href":"https:\/\/tveventos.tv.br\/index.php?rest_route=\/wp\/v2\/posts\/3764","targetHints":{"allow":["GET"]}}],"collection":[{"href":"https:\/\/tveventos.tv.br\/index.php?rest_route=\/wp\/v2\/posts"}],"about":[{"href":"https:\/\/tveventos.tv.br\/index.php?rest_route=\/wp\/v2\/types\/post"}],"author":[{"embeddable":true,"href":"https:\/\/tveventos.tv.br\/index.php?rest_route=\/wp\/v2\/users\/3"}],"replies":[{"embeddable":true,"href":"https:\/\/tveventos.tv.br\/index.php?rest_route=%2Fwp%2Fv2%2Fcomments&post=3764"}],"version-history":[{"count":1,"href":"https:\/\/tveventos.tv.br\/index.php?rest_route=\/wp\/v2\/posts\/3764\/revisions"}],"predecessor-version":[{"id":3766,"href":"https:\/\/tveventos.tv.br\/index.php?rest_route=\/wp\/v2\/posts\/3764\/revisions\/3766"}],"wp:featuredmedia":[{"embeddable":true,"href":"https:\/\/tveventos.tv.br\/index.php?rest_route=\/wp\/v2\/media\/3765"}],"wp:attachment":[{"href":"https:\/\/tveventos.tv.br\/index.php?rest_route=%2Fwp%2Fv2%2Fmedia&parent=3764"}],"wp:term":[{"taxonomy":"category","embeddable":true,"href":"https:\/\/tveventos.tv.br\/index.php?rest_route=%2Fwp%2Fv2%2Fcategories&post=3764"},{"taxonomy":"post_tag","embeddable":true,"href":"https:\/\/tveventos.tv.br\/index.php?rest_route=%2Fwp%2Fv2%2Ftags&post=3764"}],"curies":[{"name":"wp","href":"https:\/\/api.w.org\/{rel}","templated":true}]}}