{"id":3801,"date":"2024-10-31T13:54:06","date_gmt":"2024-10-31T16:54:06","guid":{"rendered":"https:\/\/tveventos.tv.br\/?p=3801"},"modified":"2024-10-31T13:54:09","modified_gmt":"2024-10-31T16:54:09","slug":"9o-cbpe","status":"publish","type":"post","link":"https:\/\/tveventos.tv.br\/?p=3801","title":{"rendered":"9\u00ba CBPE"},"content":{"rendered":"\n<p>O Congresso reunir\u00e1 importantes nomes do show business nacional e internacional para discutir temas relacionados \u00e0 cadeia produtiva de eventos, como mercado, inova\u00e7\u00e3o e desafios do setor. Simultaneamente, a 4\u00aa Expo ABRAPE ser\u00e1 uma das maiores feiras do segmento, focando em fornecedores de estruturas, servi\u00e7os e tecnologia, proporcionando oportunidades para prospec\u00e7\u00f5es e novos neg\u00f3cios.<\/p>\n\n\n\n<p>Junte-se a n\u00f3s nos dias 05 e 06 de novembro, das 10h \u00e0s 19h no Distrito Anhembi.<\/p>\n\n\n\n<p>Endere\u00e7o: Avenida Olavo Fontoura, N\u00b0 1. 209\/Santana, S\u00e3o Paulo, SP, 02012-021<\/p>\n","protected":false},"excerpt":{"rendered":"<p>O Congresso reunir\u00e1 importantes nomes do show business nacional e internacional para discutir temas relacionados \u00e0 cadeia produtiva de eventos, como mercado, inova\u00e7\u00e3o e desafios do setor. Simultaneamente, a 4\u00aa Expo ABRAPE ser\u00e1 uma das maiores feiras do segmento, focando em fornecedores de estruturas, servi\u00e7os e tecnologia, proporcionando oportunidades para prospec\u00e7\u00f5es e novos neg\u00f3cios. Junte-se [&hellip;]<\/p>\n","protected":false},"author":3,"featured_media":3802,"comment_status":"open","ping_status":"open","sticky":false,"template":"","format":"standard","meta":{"footnotes":""},"categories":[25],"tags":[],"class_list":{"0":"post-3801","1":"post","2":"type-post","3":"status-publish","4":"format-standard","5":"has-post-thumbnail","7":"category-calendariodeeventos"},"_links":{"self":[{"href":"https:\/\/tveventos.tv.br\/index.php?rest_route=\/wp\/v2\/posts\/3801","targetHints":{"allow":["GET"]}}],"collection":[{"href":"https:\/\/tveventos.tv.br\/index.php?rest_route=\/wp\/v2\/posts"}],"about":[{"href":"https:\/\/tveventos.tv.br\/index.php?rest_route=\/wp\/v2\/types\/post"}],"author":[{"embeddable":true,"href":"https:\/\/tveventos.tv.br\/index.php?rest_route=\/wp\/v2\/users\/3"}],"replies":[{"embeddable":true,"href":"https:\/\/tveventos.tv.br\/index.php?rest_route=%2Fwp%2Fv2%2Fcomments&post=3801"}],"version-history":[{"count":1,"href":"https:\/\/tveventos.tv.br\/index.php?rest_route=\/wp\/v2\/posts\/3801\/revisions"}],"predecessor-version":[{"id":3803,"href":"https:\/\/tveventos.tv.br\/index.php?rest_route=\/wp\/v2\/posts\/3801\/revisions\/3803"}],"wp:featuredmedia":[{"embeddable":true,"href":"https:\/\/tveventos.tv.br\/index.php?rest_route=\/wp\/v2\/media\/3802"}],"wp:attachment":[{"href":"https:\/\/tveventos.tv.br\/index.php?rest_route=%2Fwp%2Fv2%2Fmedia&parent=3801"}],"wp:term":[{"taxonomy":"category","embeddable":true,"href":"https:\/\/tveventos.tv.br\/index.php?rest_route=%2Fwp%2Fv2%2Fcategories&post=3801"},{"taxonomy":"post_tag","embeddable":true,"href":"https:\/\/tveventos.tv.br\/index.php?rest_route=%2Fwp%2Fv2%2Ftags&post=3801"}],"curies":[{"name":"wp","href":"https:\/\/api.w.org\/{rel}","templated":true}]}}