{"id":3807,"date":"2024-10-31T14:09:03","date_gmt":"2024-10-31T17:09:03","guid":{"rendered":"https:\/\/tveventos.tv.br\/?p=3807"},"modified":"2024-10-31T14:09:05","modified_gmt":"2024-10-31T17:09:05","slug":"expo-isp-brasil","status":"publish","type":"post","link":"https:\/\/tveventos.tv.br\/?p=3807","title":{"rendered":"Expo ISP Brasil"},"content":{"rendered":"\n<p>A Expo ISP \u00e9 um evento voltado para profissionais da ind\u00fastria de telecomunica\u00e7\u00f5es e tecnologia, especialmente focado em provedores de internet e servi\u00e7os relacionados. O evento re\u00fane expositores, palestras e pain\u00e9is de discuss\u00e3o sobre tend\u00eancias, inova\u00e7\u00f5es e desafios do setor, al\u00e9m de proporcionar networking e oportunidades de neg\u00f3cios entre os participantes. \u00c9 uma plataforma importante para atualiza\u00e7\u00e3o e troca de experi\u00eancias entre os profissionais da \u00e1rea.<\/p>\n\n\n\n<p>Junte-se a n\u00f3s nos dias 06 e 07 de novembro, das 13h \u00e0s 20h no Garagem 55.<\/p>\n\n\n\n<p>Endere\u00e7o: Rua Borges de Figueiredo 1098 (Mooca), S\u00e3o Paulo, SP, 03110-010\u00a0<\/p>\n","protected":false},"excerpt":{"rendered":"<p>A Expo ISP \u00e9 um evento voltado para profissionais da ind\u00fastria de telecomunica\u00e7\u00f5es e tecnologia, especialmente focado em provedores de internet e servi\u00e7os relacionados. O evento re\u00fane expositores, palestras e pain\u00e9is de discuss\u00e3o sobre tend\u00eancias, inova\u00e7\u00f5es e desafios do setor, al\u00e9m de proporcionar networking e oportunidades de neg\u00f3cios entre os participantes. \u00c9 uma plataforma importante [&hellip;]<\/p>\n","protected":false},"author":3,"featured_media":3809,"comment_status":"open","ping_status":"open","sticky":false,"template":"","format":"standard","meta":{"footnotes":""},"categories":[25],"tags":[],"class_list":{"0":"post-3807","1":"post","2":"type-post","3":"status-publish","4":"format-standard","5":"has-post-thumbnail","7":"category-calendariodeeventos"},"_links":{"self":[{"href":"https:\/\/tveventos.tv.br\/index.php?rest_route=\/wp\/v2\/posts\/3807","targetHints":{"allow":["GET"]}}],"collection":[{"href":"https:\/\/tveventos.tv.br\/index.php?rest_route=\/wp\/v2\/posts"}],"about":[{"href":"https:\/\/tveventos.tv.br\/index.php?rest_route=\/wp\/v2\/types\/post"}],"author":[{"embeddable":true,"href":"https:\/\/tveventos.tv.br\/index.php?rest_route=\/wp\/v2\/users\/3"}],"replies":[{"embeddable":true,"href":"https:\/\/tveventos.tv.br\/index.php?rest_route=%2Fwp%2Fv2%2Fcomments&post=3807"}],"version-history":[{"count":1,"href":"https:\/\/tveventos.tv.br\/index.php?rest_route=\/wp\/v2\/posts\/3807\/revisions"}],"predecessor-version":[{"id":3810,"href":"https:\/\/tveventos.tv.br\/index.php?rest_route=\/wp\/v2\/posts\/3807\/revisions\/3810"}],"wp:featuredmedia":[{"embeddable":true,"href":"https:\/\/tveventos.tv.br\/index.php?rest_route=\/wp\/v2\/media\/3809"}],"wp:attachment":[{"href":"https:\/\/tveventos.tv.br\/index.php?rest_route=%2Fwp%2Fv2%2Fmedia&parent=3807"}],"wp:term":[{"taxonomy":"category","embeddable":true,"href":"https:\/\/tveventos.tv.br\/index.php?rest_route=%2Fwp%2Fv2%2Fcategories&post=3807"},{"taxonomy":"post_tag","embeddable":true,"href":"https:\/\/tveventos.tv.br\/index.php?rest_route=%2Fwp%2Fv2%2Ftags&post=3807"}],"curies":[{"name":"wp","href":"https:\/\/api.w.org\/{rel}","templated":true}]}}