{"id":3814,"date":"2024-10-31T14:55:27","date_gmt":"2024-10-31T17:55:27","guid":{"rendered":"https:\/\/tveventos.tv.br\/?p=3814"},"modified":"2024-10-31T14:55:30","modified_gmt":"2024-10-31T17:55:30","slug":"criativa-sp-anuncia-a-sua-1a-edicao-em-sao-paulo","status":"publish","type":"post","link":"https:\/\/tveventos.tv.br\/?p=3814","title":{"rendered":"Criativa SP anuncia a sua 1\u00aa edi\u00e7\u00e3o em S\u00e3o Paulo"},"content":{"rendered":"\n<p><em>Feira de produtos e t\u00e9cnicas para artes e artesanato, reunir\u00e1 artistas, artes\u00e3os, lojistas e entusiastas da arte de 6 a 9 de novembro pr\u00f3ximo \u00e0 Avenida Paulista, em S\u00e3o Paulo<\/em>.<\/p>\n\n\n\n<p>A Criativa SP, feira de produtos e t\u00e9cnicas para artes e artesanato, trar\u00e1 em sua primeira edi\u00e7\u00e3o as principais novidades do setor, como t\u00e9cnicas e produtos para patchwork, scrapbooking e artesanato em geral. Idealizada e produzida pela WR S\u00e3o Paulo, tamb\u00e9m produtora das feiras Mega Artesanal e Artesanal Centro-Oeste, Sul e Nordeste, a Criativa SP reunir\u00e1 artistas, artes\u00e3os, lojas e entusiastas da arte para compartilhar conhecimentos, promover suas cria\u00e7\u00f5es e oferecer oficinas pr\u00e1ticas. A feira acontece de 6 a 9 de novembro, no Centro de Eventos S\u00e3o Lu\u00eds, em S\u00e3o Paulo, e reunir\u00e1 marcas como Artesanato Santista, Eva e Eva Tecidos, Mabber, e Cake Scrap Brasil.<\/p>\n\n\n\n<p>\u201cA Criativa SP \u00e9 uma oportunidade imperd\u00edvel para quem deseja explorar e aperfei\u00e7oar suas habilidades art\u00edsticas. Nessa primeira edi\u00e7\u00e3o teremos exposi\u00e7\u00f5es, cursos, projetos, kits e presentes exclusivos de artesanato prontos para a venda. Al\u00e9m disso, o evento promover\u00e1 o interc\u00e2mbio de t\u00e9cnicas tradicionais e contempor\u00e2neas, conectando culturas e proporcionando uma rica troca de experi\u00eancias entre artes\u00e3os e visitantes, al\u00e9m das novidades em artesanato para o fim do ano.\u201d ressalta Rita Mazzotti, diretora da WR S\u00e3o Paulo.<\/p>\n\n\n\n<p>Os ingressos poder\u00e3o ser adquiridos na bilheteria, no dia da feira, com validade para um dia.<\/p>\n\n\n\n<p><strong>SERVI\u00c7O<\/strong><\/p>\n\n\n\n<p>Data: 6 a 9 de novembro de 2024<\/p>\n\n\n\n<p>Local: Centro de Eventos S\u00e3o Lu\u00eds<\/p>\n\n\n\n<p>Endere\u00e7o: R. Lu\u00eds Coelho, 323 &#8211; Consola\u00e7\u00e3o, S\u00e3o Paulo &#8211; SP, 01309-001<\/p>\n\n\n\n<p>Hor\u00e1rios: Das 11h \u00e0s 18h<\/p>\n\n\n\n<p>Ingressos: dispon\u00edveis na bilheteria, durante a feira<\/p>\n\n\n\n<p>Valores: R$ 20 (inteira) e R$ 10 (meia)&nbsp;<\/p>\n\n\n\n<p>Restri\u00e7\u00f5es: Proibida e entrada de menores de 12 anos, exceto lactentes de at\u00e9 2 anos<\/p>\n\n\n\n<p>Outros detalhes: wrsaopaulo.com.br\/criativasp<\/p>\n","protected":false},"excerpt":{"rendered":"<p>Feira de produtos e t\u00e9cnicas para artes e artesanato, reunir\u00e1 artistas, artes\u00e3os, lojistas e entusiastas da arte de 6 a 9 de novembro pr\u00f3ximo \u00e0 Avenida Paulista, em S\u00e3o Paulo. A Criativa SP, feira de produtos e t\u00e9cnicas para artes e artesanato, trar\u00e1 em sua primeira edi\u00e7\u00e3o as principais novidades do setor, como t\u00e9cnicas e [&hellip;]<\/p>\n","protected":false},"author":3,"featured_media":3815,"comment_status":"open","ping_status":"open","sticky":false,"template":"","format":"standard","meta":{"footnotes":""},"categories":[23],"tags":[],"class_list":{"0":"post-3814","1":"post","2":"type-post","3":"status-publish","4":"format-standard","5":"has-post-thumbnail","7":"category-feirasdenegocios"},"_links":{"self":[{"href":"https:\/\/tveventos.tv.br\/index.php?rest_route=\/wp\/v2\/posts\/3814","targetHints":{"allow":["GET"]}}],"collection":[{"href":"https:\/\/tveventos.tv.br\/index.php?rest_route=\/wp\/v2\/posts"}],"about":[{"href":"https:\/\/tveventos.tv.br\/index.php?rest_route=\/wp\/v2\/types\/post"}],"author":[{"embeddable":true,"href":"https:\/\/tveventos.tv.br\/index.php?rest_route=\/wp\/v2\/users\/3"}],"replies":[{"embeddable":true,"href":"https:\/\/tveventos.tv.br\/index.php?rest_route=%2Fwp%2Fv2%2Fcomments&post=3814"}],"version-history":[{"count":1,"href":"https:\/\/tveventos.tv.br\/index.php?rest_route=\/wp\/v2\/posts\/3814\/revisions"}],"predecessor-version":[{"id":3816,"href":"https:\/\/tveventos.tv.br\/index.php?rest_route=\/wp\/v2\/posts\/3814\/revisions\/3816"}],"wp:featuredmedia":[{"embeddable":true,"href":"https:\/\/tveventos.tv.br\/index.php?rest_route=\/wp\/v2\/media\/3815"}],"wp:attachment":[{"href":"https:\/\/tveventos.tv.br\/index.php?rest_route=%2Fwp%2Fv2%2Fmedia&parent=3814"}],"wp:term":[{"taxonomy":"category","embeddable":true,"href":"https:\/\/tveventos.tv.br\/index.php?rest_route=%2Fwp%2Fv2%2Fcategories&post=3814"},{"taxonomy":"post_tag","embeddable":true,"href":"https:\/\/tveventos.tv.br\/index.php?rest_route=%2Fwp%2Fv2%2Ftags&post=3814"}],"curies":[{"name":"wp","href":"https:\/\/api.w.org\/{rel}","templated":true}]}}