{"id":3817,"date":"2024-11-01T11:48:28","date_gmt":"2024-11-01T14:48:28","guid":{"rendered":"https:\/\/tveventos.tv.br\/?p=3817"},"modified":"2024-11-01T11:48:32","modified_gmt":"2024-11-01T14:48:32","slug":"fisp-e-fire-show-recebem-mais-de-62-mil-visitantes-e-destacam-inovacoes-em-seguranca-e-protecao","status":"publish","type":"post","link":"https:\/\/tveventos.tv.br\/?p=3817","title":{"rendered":"Fisp e Fire Show recebem mais de 62 mil visitantes e destacam inova\u00e7\u00f5es em seguran\u00e7a e prote\u00e7\u00e3o"},"content":{"rendered":"\n<p class=\"has-text-align-center\"><em>Evento re\u00fane 800 marcas expositoras nacionais e internacionais, impulsiona gera\u00e7\u00e3o de neg\u00f3cios e aponta crescimento para a pr\u00f3xima edi\u00e7\u00e3o em 2026<\/em>.<\/p>\n\n\n\n<p>A 24\u00aa edi\u00e7\u00e3o da FISP (Feira Internacional de Seguran\u00e7a e Prote\u00e7\u00e3o) e a 15\u00aa Fire Show (International Fire Fair) registram crescimento significativo, com mais de 800 marcas expositoras nacionais e internacionais, e atraindo mais de 62 mil profissionais do setor, de 48 pa\u00edses, durante os tr\u00eas dias de evento, no S\u00e3o Paulo Expo. O bom resultado refor\u00e7a a relev\u00e2ncia dos eventos nas \u00e1reas de sa\u00fade e seguran\u00e7a no trabalho, preven\u00e7\u00e3o e combate a inc\u00eandios na Am\u00e9rica Latina.<br>&nbsp;<\/p>\n\n\n\n<p>Um dos destaques foram as rodadas de neg\u00f3cios organizadas pela Brazilian Safety em parceria com a ApexBrasil (Ag\u00eancia Brasileira de Promo\u00e7\u00f5es e Exporta\u00e7\u00f5es), que trouxeram compradores internacionais, possibilitando a realiza\u00e7\u00e3o de 300 reuni\u00f5es comerciais. Maur\u00edcio Macedo, CEO da Fiera Milano Brasil, ressaltou a import\u00e2ncia dessa iniciativa para o desenvolvimento do setor.&nbsp;<em>&#8220;<\/em>Criamos um ambiente prop\u00edcio para que as empresas possam fechar neg\u00f3cios e expandir suas opera\u00e7\u00f5es globalmente. A diversidade de expositores e compradores \u00e9 um reflexo do crescimento e da relev\u00e2ncia dessas feiras no cen\u00e1rio internacional.&#8221;<br>&nbsp;<\/p>\n\n\n\n<p>A qualifica\u00e7\u00e3o dos visitantes tamb\u00e9m foi um ponto alto desta edi\u00e7\u00e3o, com 80% do p\u00fablico composto por decisores e influenciadores de compras. \u201cEste indicador reafirma que as feiras s\u00e3o uma plataforma estrat\u00e9gica para neg\u00f3cios no setor de seguran\u00e7a. O aumento de 20% na \u00e1rea de exposi\u00e7\u00e3o, com a inclus\u00e3o de mais um pavilh\u00e3o, reflete a evolu\u00e7\u00e3o do evento e o interesse crescente do mercado. \u00c9 gratificante ver que muitos expositores j\u00e1 est\u00e3o renovando para a edi\u00e7\u00e3o de 2026\u201d, destaca Regina Silva,&nbsp;diretora de portf\u00f3lio &amp; vendas internacionais da Fiera Milano Brasil.<br>&nbsp;<\/p>\n\n\n\n<p>Raul Casanova Jr., diretor executivo da Associa\u00e7\u00e3o Nacional da Ind\u00fastria de Material de Seguran\u00e7a e Prote\u00e7\u00e3o ao Trabalho&nbsp;(ANIMASEG) complementou:&nbsp;<em>&#8220;<\/em>Essa \u00e9 a maior Fisp que j\u00e1 realizamos, tanto em tamanho quanto em visita\u00e7\u00e3o, com um p\u00fablico qualificado e tomadores de decis\u00e3o.&nbsp;Para 2025, a gente acredita que esse mercado vai crescer no m\u00ednimo 5%, realmente est\u00e1 muito aquecido.\u201d<br>&nbsp;<\/p>\n\n\n\n<p><strong>Atra\u00e7\u00f5es e experi\u00eancia imersivas<\/strong><\/p>\n\n\n\n<p>Al\u00e9m de oportunidades de neg\u00f3cios, o p\u00fablico pode conferir diversas atra\u00e7\u00f5es interativas e experi\u00eancias imersivas. Entre os destaques est\u00e1 a F\u00e1brica Modelo de Seguran\u00e7a, organizada pelo Instituto Brasileiro de Tecnologia do Couro, Cal\u00e7ado e Artefatos (IBTeC) em parceria com a Marluvas. O projeto simula a produ\u00e7\u00e3o \u2018ao vivo\u2019 de cal\u00e7ados de seguran\u00e7a, com a participa\u00e7\u00e3o de 50 empresas fornecedoras de insumos, m\u00e1quinas e componentes.&nbsp;<em>&#8220;<\/em>Os visitantes conheceram a aplica\u00e7\u00e3o pr\u00e1tica de novas tecnologias que podem ser implementadas na ind\u00fastria, garantindo efici\u00eancia e inova\u00e7\u00e3o na fabrica\u00e7\u00e3o de EPIs,&#8221; afirmou Paulo Model, diretor t\u00e9cnico do IBTeC.<br>&nbsp;<\/p>\n\n\n\n<p>Outro destaque \u00e9 a Escola M\u00f3vel do SENAI-SP, que oferece uma experi\u00eancia em tecnologia de seguran\u00e7a, com foco em resgate em altura e espa\u00e7os confinados. A unidade m\u00f3vel apresenta uma estrutura completa para demonstra\u00e7\u00e3o dos equipamentos e pr\u00e1ticas que atendem \u00e0s normas regulamentadoras NR18, NR33 e NR35.<br>&nbsp;<\/p>\n\n\n\n<p>O Espa\u00e7o de Tecnologia e Inova\u00e7\u00e3o apresentou 27 novos produtos voltados para o setor de seguran\u00e7a, com foco em EPIs (Equipamentos de Prote\u00e7\u00e3o Individual) e tecnologias que aumentam a efici\u00eancia e seguran\u00e7a dos trabalhadores. Entre as inova\u00e7\u00f5es est\u00e3o vestimentas resistentes a altas temperaturas, respiradores com maior capacidade de filtra\u00e7\u00e3o de nanopart\u00edculas e sistemas de gest\u00e3o de seguran\u00e7a integrados.<br>&nbsp;<\/p>\n\n\n\n<p>As inova\u00e7\u00f5es em EPIs para mulheres tamb\u00e9m ganharam destaque nesta edi\u00e7\u00e3o, com v\u00e1rias empresas lan\u00e7ando equipamentos e vestu\u00e1rio especialmente desenvolvidos para o p\u00fablico feminino, incluindo op\u00e7\u00f5es para gestantes e adapta\u00e7\u00f5es para pessoas com defici\u00eancia. Esse movimento reflete a crescente participa\u00e7\u00e3o das mulheres no mercado de trabalho e a preocupa\u00e7\u00e3o com a personaliza\u00e7\u00e3o dos equipamentos de prote\u00e7\u00e3o.<br>&nbsp;<\/p>\n\n\n\n<p>A programa\u00e7\u00e3o das palestras t\u00e9cnicas tamb\u00e9m foi um ponto alto, com destaque para o Cobrasemt (Congresso Brasileiro de Seguran\u00e7a e Medicina do Trabalho) e o Congresso ABNT CB-32. Os eventos contaram com um p\u00fablico qualificado, reunindo especialistas e profissionais da \u00e1rea que discutiram temas fundamentais para o setor, como regulamenta\u00e7\u00f5es, inova\u00e7\u00f5es e boas pr\u00e1ticas em seguran\u00e7a e sa\u00fade no trabalho.<br>&nbsp;<\/p>\n\n\n\n<p><strong>Depoimentos dos expositores e perspectivas futuras<\/strong><\/p>\n\n\n\n<p>Yasmin Botelho, respons\u00e1vel pelo Marketing da&nbsp;<strong>JGB<\/strong>, destacou o sucesso da feira:&nbsp;<em>&#8220;<\/em>O movimento nas feiras foi excepcional desde o primeiro dia. A qualidade dos contatos e leads gerados nos surpreendeu positivamente, e percebemos um aumento significativo no interesse por nossos produtos, especialmente os voltados para altas temperaturas.&#8221;<br>&nbsp;<\/p>\n\n\n\n<p>Danilo Oliveira, diretor de vendas e marketing da&nbsp;<strong>Marluvas<\/strong>, tamb\u00e9m celebrou a participa\u00e7\u00e3o da empresa.&nbsp;<em>&#8220;<\/em>A Fisp \u00e9 o palco ideal para apresentarmos nossas inova\u00e7\u00f5es e refor\u00e7armos nossa presen\u00e7a no mercado. A energia deste ano est\u00e1 incr\u00edvel, com estandes bem elaborados e visitantes engajados.<em>&#8220;<\/em><br>&nbsp;<\/p>\n\n\n\n<p>Fernando Estima, s\u00f3cio diretor da&nbsp;<strong>Elastobor<\/strong>, ressalta: \u201cEsta foi a primeira vez que participamos, sempre fiz visitas atrav\u00e9s de convites de outros fornecedores, mas a experi\u00eancia foi muito melhor.\u201d<br>&nbsp;<\/p>\n\n\n\n<p>Para Marianna Nunes, Head de Marketing da&nbsp;<strong>CM Couto<\/strong>, a feira superou as expectativas: &#8220;J\u00e1 participamos de outros anos do evento. Este ano foi excelente para n\u00f3s. Recebemos pessoas de diversos segmentos, setores e profiss\u00f5es, o que \u00e9 muito bom, pois gostamos de mostrar nossas inova\u00e7\u00f5es. Nossa empresa tem uma forte frente de inova\u00e7\u00e3o, e realizar lan\u00e7amentos na Fire Show foi muito positivo. Com base nas \u00faltimas edi\u00e7\u00f5es, este ano foi ainda mais qualificado do que tudo o que j\u00e1 vivemos com a Fire Show e a Fisp. O feedback que recebemos de nossos colaboradores indica que a qualifica\u00e7\u00e3o dos visitantes superou as expectativas, especialmente aqueles interessados em fechar neg\u00f3cios e em conhecer a CM Couto ap\u00f3s a feira. Isso foi muito positivo, pois j\u00e1 fechamos alguns neg\u00f3cios, algo que n\u00e3o esper\u00e1vamos e que superou nossas expectativas. Quanto \u00e0 pr\u00f3xima participa\u00e7\u00e3o, acredito que iremos participar com novidades ainda mais tecnol\u00f3gicas e inovadoras para a experi\u00eancia de quem visita nosso estande.\u201d<br>&nbsp;<\/p>\n\n\n\n<p>A renova\u00e7\u00e3o de espa\u00e7o por parte de muitos expositores para a pr\u00f3xima edi\u00e7\u00e3o, que acontecer\u00e1 entre os dias 6 e 8 de outubro de 2026, no S\u00e3o Paulo Expo, j\u00e1 demonstra o sucesso do evento e reflete o aquecimento do mercado. Esse movimento \u00e9 um term\u00f4metro importante para o crescimento e fortalecimento do setor nos pr\u00f3ximos anos.<\/p>\n\n\n\n<p><strong>Sobre a Fiera Milano Brasil<\/strong><\/p>\n\n\n\n<p>A Fiera Milano Brasil&nbsp;\u00e9 a&nbsp;filial brasileira da Fiera Milano, um dos maiores players de feiras e congressos do mundo que a cada ano atraem aproximadamente 30 mil expositores e mais de cinco milh\u00f5es de visitantes.&nbsp;No Brasil, s\u00e3o realizadas dez feiras que representam os mais diversos segmentos da economia, como seguran\u00e7a, energias limpas e renov\u00e1veis, tubos e conex\u00f5es, cabos, sa\u00fade no trabalho, tecnologias em reabilita\u00e7\u00e3o, inclus\u00e3o e acessibilidade, entre outras. Entre as principais marcas do portf\u00f3lio est\u00e3o Exposec, FISP, Fire Show, Congresso Ecoenergy,&nbsp;Tubotech, wire Brasil, Fruit Attraction S\u00e3o Paulo, em parceria com IFEMA Madrid, Reatech + Expo Brasil Paral\u00edmpico, em parceria com o Comit\u00ea Paral\u00edmpico Brasileiro (CPB), Esquadria Show, em parceria com N\u00fcrnbergMesse Brasil, TranspoQuip e ExpoParking em parceria com a BMComm. Mais informa\u00e7\u00f5es acesse&nbsp;<a href=\"https:\/\/www.fieramilanobrasil.com.br\/\" target=\"_blank\" rel=\"noreferrer noopener\">aqui<\/a><\/p>\n","protected":false},"excerpt":{"rendered":"<p>Evento re\u00fane 800 marcas expositoras nacionais e internacionais, impulsiona gera\u00e7\u00e3o de neg\u00f3cios e aponta crescimento para a pr\u00f3xima edi\u00e7\u00e3o em 2026. A 24\u00aa edi\u00e7\u00e3o da FISP (Feira Internacional de Seguran\u00e7a e Prote\u00e7\u00e3o) e a 15\u00aa Fire Show (International Fire Fair) registram crescimento significativo, com mais de 800 marcas expositoras nacionais e internacionais, e atraindo mais [&hellip;]<\/p>\n","protected":false},"author":2,"featured_media":3819,"comment_status":"open","ping_status":"open","sticky":false,"template":"","format":"standard","meta":{"footnotes":""},"categories":[23],"tags":[],"class_list":{"0":"post-3817","1":"post","2":"type-post","3":"status-publish","4":"format-standard","5":"has-post-thumbnail","7":"category-feirasdenegocios"},"_links":{"self":[{"href":"https:\/\/tveventos.tv.br\/index.php?rest_route=\/wp\/v2\/posts\/3817","targetHints":{"allow":["GET"]}}],"collection":[{"href":"https:\/\/tveventos.tv.br\/index.php?rest_route=\/wp\/v2\/posts"}],"about":[{"href":"https:\/\/tveventos.tv.br\/index.php?rest_route=\/wp\/v2\/types\/post"}],"author":[{"embeddable":true,"href":"https:\/\/tveventos.tv.br\/index.php?rest_route=\/wp\/v2\/users\/2"}],"replies":[{"embeddable":true,"href":"https:\/\/tveventos.tv.br\/index.php?rest_route=%2Fwp%2Fv2%2Fcomments&post=3817"}],"version-history":[{"count":1,"href":"https:\/\/tveventos.tv.br\/index.php?rest_route=\/wp\/v2\/posts\/3817\/revisions"}],"predecessor-version":[{"id":3820,"href":"https:\/\/tveventos.tv.br\/index.php?rest_route=\/wp\/v2\/posts\/3817\/revisions\/3820"}],"wp:featuredmedia":[{"embeddable":true,"href":"https:\/\/tveventos.tv.br\/index.php?rest_route=\/wp\/v2\/media\/3819"}],"wp:attachment":[{"href":"https:\/\/tveventos.tv.br\/index.php?rest_route=%2Fwp%2Fv2%2Fmedia&parent=3817"}],"wp:term":[{"taxonomy":"category","embeddable":true,"href":"https:\/\/tveventos.tv.br\/index.php?rest_route=%2Fwp%2Fv2%2Fcategories&post=3817"},{"taxonomy":"post_tag","embeddable":true,"href":"https:\/\/tveventos.tv.br\/index.php?rest_route=%2Fwp%2Fv2%2Ftags&post=3817"}],"curies":[{"name":"wp","href":"https:\/\/api.w.org\/{rel}","templated":true}]}}