{"id":3821,"date":"2024-11-01T11:54:11","date_gmt":"2024-11-01T14:54:11","guid":{"rendered":"https:\/\/tveventos.tv.br\/?p=3821"},"modified":"2024-11-01T11:54:14","modified_gmt":"2024-11-01T14:54:14","slug":"ross-marquand-the-walking-dead-e-vingadores-esta-confirmado-na-horror-expo-2024","status":"publish","type":"post","link":"https:\/\/tveventos.tv.br\/?p=3821","title":{"rendered":"Ross Marquand (The Walking Dead e Vingadores) est\u00e1 confirmado na Horror Expo 2024"},"content":{"rendered":"\n<p class=\"has-text-align-center\">O ic\u00f4nico Aaron de The Walking Dead e o vil\u00e3o Red Skull de Vingadores estar\u00e1 presente nos dias 9 e 10 de novembro.<\/p>\n\n\n\n<p>O ator norte-americano&nbsp;<strong>Ross Marquand<\/strong>&nbsp;\u00e9 atra\u00e7\u00e3o confirmada na Horror Expo Brasil 2024, feira que re\u00fane grandes nomes do cinema, s\u00e9ries, literatura, m\u00fasica e muito mais envolvendo o universo do horror, terror e fantasia.<\/p>\n\n\n\n<p>Ross \u00e9 mundialmente conhecido por ter interpretado o personagem&nbsp;<strong>Aaron<\/strong>&nbsp;em \u201c<strong>The Walking Dead<\/strong>\u201d, e o vil\u00e3o&nbsp;<strong>Red Skull (Caveira Vermelha)<\/strong>&nbsp;no filme \u201c<strong>Vingadores: Guerra Infinita<\/strong>\u201d. Al\u00e9m desses trabalhos, na dublagem, destacou-se como o Professor Xavier em X-Men 97 e o personagem The Immortal em \u201cInvencible\u201d pela plataforma Amazon.<\/p>\n\n\n\n<p>O ator estar\u00e1 presente nos dias 09 e 10 de novembro na Horror Expo. Nos dias de evento, os f\u00e3s podem participar de um Mee&amp;Greet exclusivo, tirar fotos, pegar aut\u00f3grafos ou garantir um souvenir no estande.<\/p>\n\n\n\n<p>Os ingressos para a Horror Expo 2024 est\u00e3o dispon\u00edveis pelo Clube do Ingresso \u2013&nbsp;<a href=\"https:\/\/www.clubedoingresso.com\/horrorexpo2024\" target=\"_blank\" rel=\"noreferrer noopener\">Clube do Ingresso<\/a><\/p>\n","protected":false},"excerpt":{"rendered":"<p>O ic\u00f4nico Aaron de The Walking Dead e o vil\u00e3o Red Skull de Vingadores estar\u00e1 presente nos dias 9 e 10 de novembro. O ator norte-americano&nbsp;Ross Marquand&nbsp;\u00e9 atra\u00e7\u00e3o confirmada na Horror Expo Brasil 2024, feira que re\u00fane grandes nomes do cinema, s\u00e9ries, literatura, m\u00fasica e muito mais envolvendo o universo do horror, terror e fantasia. [&hellip;]<\/p>\n","protected":false},"author":2,"featured_media":3822,"comment_status":"open","ping_status":"open","sticky":false,"template":"","format":"standard","meta":{"footnotes":""},"categories":[23],"tags":[],"class_list":{"0":"post-3821","1":"post","2":"type-post","3":"status-publish","4":"format-standard","5":"has-post-thumbnail","7":"category-feirasdenegocios"},"_links":{"self":[{"href":"https:\/\/tveventos.tv.br\/index.php?rest_route=\/wp\/v2\/posts\/3821","targetHints":{"allow":["GET"]}}],"collection":[{"href":"https:\/\/tveventos.tv.br\/index.php?rest_route=\/wp\/v2\/posts"}],"about":[{"href":"https:\/\/tveventos.tv.br\/index.php?rest_route=\/wp\/v2\/types\/post"}],"author":[{"embeddable":true,"href":"https:\/\/tveventos.tv.br\/index.php?rest_route=\/wp\/v2\/users\/2"}],"replies":[{"embeddable":true,"href":"https:\/\/tveventos.tv.br\/index.php?rest_route=%2Fwp%2Fv2%2Fcomments&post=3821"}],"version-history":[{"count":1,"href":"https:\/\/tveventos.tv.br\/index.php?rest_route=\/wp\/v2\/posts\/3821\/revisions"}],"predecessor-version":[{"id":3823,"href":"https:\/\/tveventos.tv.br\/index.php?rest_route=\/wp\/v2\/posts\/3821\/revisions\/3823"}],"wp:featuredmedia":[{"embeddable":true,"href":"https:\/\/tveventos.tv.br\/index.php?rest_route=\/wp\/v2\/media\/3822"}],"wp:attachment":[{"href":"https:\/\/tveventos.tv.br\/index.php?rest_route=%2Fwp%2Fv2%2Fmedia&parent=3821"}],"wp:term":[{"taxonomy":"category","embeddable":true,"href":"https:\/\/tveventos.tv.br\/index.php?rest_route=%2Fwp%2Fv2%2Fcategories&post=3821"},{"taxonomy":"post_tag","embeddable":true,"href":"https:\/\/tveventos.tv.br\/index.php?rest_route=%2Fwp%2Fv2%2Ftags&post=3821"}],"curies":[{"name":"wp","href":"https:\/\/api.w.org\/{rel}","templated":true}]}}