{"id":3828,"date":"2024-11-01T15:35:02","date_gmt":"2024-11-01T18:35:02","guid":{"rendered":"https:\/\/tveventos.tv.br\/?p=3828"},"modified":"2024-11-04T14:18:19","modified_gmt":"2024-11-04T17:18:19","slug":"criativa-sp","status":"publish","type":"post","link":"https:\/\/tveventos.tv.br\/?p=3828","title":{"rendered":"CRIATIVA SP\u00a0"},"content":{"rendered":"\n<p>A Feira reunir\u00e1, em um mesmo local, lojas, ateli\u00eas e artes\u00e3os e ir\u00e1 trazer as principais novidades do setor, com t\u00e9cnicas e produtos para patchwork, scrapbooking e artesanato em geral. A feira apresenta, tamb\u00e9m, lindas op\u00e7\u00f5es de presentes exclusivos e criativos, al\u00e9m da venda de materiais, ferramentas, projetos, acess\u00f3rios e produtos prontos.<\/p>\n\n\n\n<p>Junte-se a n\u00f3s nos dias 06 a 09 de novembro, das 11h \u00e0s 18h, no Centro de Eventos S\u00e3o Lu\u00eds.<\/p>\n\n\n\n<p>Endere\u00e7o: Rua Luis Coelho, 323 &#8211; Consola\u00e7\u00e3o, S\u00e3o Paulo &#8211; SP<\/p>\n","protected":false},"excerpt":{"rendered":"<p>A Feira reunir\u00e1, em um mesmo local, lojas, ateli\u00eas e artes\u00e3os e ir\u00e1 trazer as principais novidades do setor, com t\u00e9cnicas e produtos para patchwork, scrapbooking e artesanato em geral. A feira apresenta, tamb\u00e9m, lindas op\u00e7\u00f5es de presentes exclusivos e criativos, al\u00e9m da venda de materiais, ferramentas, projetos, acess\u00f3rios e produtos prontos. Junte-se a n\u00f3s [&hellip;]<\/p>\n","protected":false},"author":3,"featured_media":3830,"comment_status":"open","ping_status":"open","sticky":false,"template":"","format":"standard","meta":{"footnotes":""},"categories":[25],"tags":[],"class_list":{"0":"post-3828","1":"post","2":"type-post","3":"status-publish","4":"format-standard","5":"has-post-thumbnail","7":"category-calendariodeeventos"},"_links":{"self":[{"href":"https:\/\/tveventos.tv.br\/index.php?rest_route=\/wp\/v2\/posts\/3828","targetHints":{"allow":["GET"]}}],"collection":[{"href":"https:\/\/tveventos.tv.br\/index.php?rest_route=\/wp\/v2\/posts"}],"about":[{"href":"https:\/\/tveventos.tv.br\/index.php?rest_route=\/wp\/v2\/types\/post"}],"author":[{"embeddable":true,"href":"https:\/\/tveventos.tv.br\/index.php?rest_route=\/wp\/v2\/users\/3"}],"replies":[{"embeddable":true,"href":"https:\/\/tveventos.tv.br\/index.php?rest_route=%2Fwp%2Fv2%2Fcomments&post=3828"}],"version-history":[{"count":1,"href":"https:\/\/tveventos.tv.br\/index.php?rest_route=\/wp\/v2\/posts\/3828\/revisions"}],"predecessor-version":[{"id":3831,"href":"https:\/\/tveventos.tv.br\/index.php?rest_route=\/wp\/v2\/posts\/3828\/revisions\/3831"}],"wp:featuredmedia":[{"embeddable":true,"href":"https:\/\/tveventos.tv.br\/index.php?rest_route=\/wp\/v2\/media\/3830"}],"wp:attachment":[{"href":"https:\/\/tveventos.tv.br\/index.php?rest_route=%2Fwp%2Fv2%2Fmedia&parent=3828"}],"wp:term":[{"taxonomy":"category","embeddable":true,"href":"https:\/\/tveventos.tv.br\/index.php?rest_route=%2Fwp%2Fv2%2Fcategories&post=3828"},{"taxonomy":"post_tag","embeddable":true,"href":"https:\/\/tveventos.tv.br\/index.php?rest_route=%2Fwp%2Fv2%2Ftags&post=3828"}],"curies":[{"name":"wp","href":"https:\/\/api.w.org\/{rel}","templated":true}]}}