{"id":3836,"date":"2024-11-01T16:00:12","date_gmt":"2024-11-01T19:00:12","guid":{"rendered":"https:\/\/tveventos.tv.br\/?p=3836"},"modified":"2024-11-01T16:00:25","modified_gmt":"2024-11-01T19:00:25","slug":"mulher-brilhante","status":"publish","type":"post","link":"https:\/\/tveventos.tv.br\/?p=3836","title":{"rendered":"Mulher Brilhante"},"content":{"rendered":"\n<p>O Mulher Brilhante \u00e9 uma iniciativa que celebra e promove a contribui\u00e7\u00e3o das mulheres em diversas \u00e1reas, como neg\u00f3cios, ci\u00eancia, arte e lideran\u00e7a. Geralmente, o evento conta com palestras, pain\u00e9is e workshops, onde mulheres inspiradoras compartilham suas experi\u00eancias e conhecimentos. O objetivo \u00e9 empoderar mulheres, promover a troca de ideias e fortalecer redes de apoio, criando um ambiente de aprendizado e inspira\u00e7\u00e3o.&nbsp;<\/p>\n\n\n\n<p>Junte-se a n\u00f3s nos dias 08 a 10 de novembro, no Distrito Anhembi.<\/p>\n\n\n\n<p>Endere\u00e7o: Avenida Olavo Fontoura, N\u00b0 1. 209\/Santana, S\u00e3o Paulo, SP, 02012-021<\/p>\n","protected":false},"excerpt":{"rendered":"<p>O Mulher Brilhante \u00e9 uma iniciativa que celebra e promove a contribui\u00e7\u00e3o das mulheres em diversas \u00e1reas, como neg\u00f3cios, ci\u00eancia, arte e lideran\u00e7a. Geralmente, o evento conta com palestras, pain\u00e9is e workshops, onde mulheres inspiradoras compartilham suas experi\u00eancias e conhecimentos. O objetivo \u00e9 empoderar mulheres, promover a troca de ideias e fortalecer redes de apoio, [&hellip;]<\/p>\n","protected":false},"author":3,"featured_media":3837,"comment_status":"open","ping_status":"open","sticky":false,"template":"","format":"standard","meta":{"footnotes":""},"categories":[25],"tags":[],"class_list":{"0":"post-3836","1":"post","2":"type-post","3":"status-publish","4":"format-standard","5":"has-post-thumbnail","7":"category-calendariodeeventos"},"_links":{"self":[{"href":"https:\/\/tveventos.tv.br\/index.php?rest_route=\/wp\/v2\/posts\/3836","targetHints":{"allow":["GET"]}}],"collection":[{"href":"https:\/\/tveventos.tv.br\/index.php?rest_route=\/wp\/v2\/posts"}],"about":[{"href":"https:\/\/tveventos.tv.br\/index.php?rest_route=\/wp\/v2\/types\/post"}],"author":[{"embeddable":true,"href":"https:\/\/tveventos.tv.br\/index.php?rest_route=\/wp\/v2\/users\/3"}],"replies":[{"embeddable":true,"href":"https:\/\/tveventos.tv.br\/index.php?rest_route=%2Fwp%2Fv2%2Fcomments&post=3836"}],"version-history":[{"count":2,"href":"https:\/\/tveventos.tv.br\/index.php?rest_route=\/wp\/v2\/posts\/3836\/revisions"}],"predecessor-version":[{"id":3839,"href":"https:\/\/tveventos.tv.br\/index.php?rest_route=\/wp\/v2\/posts\/3836\/revisions\/3839"}],"wp:featuredmedia":[{"embeddable":true,"href":"https:\/\/tveventos.tv.br\/index.php?rest_route=\/wp\/v2\/media\/3837"}],"wp:attachment":[{"href":"https:\/\/tveventos.tv.br\/index.php?rest_route=%2Fwp%2Fv2%2Fmedia&parent=3836"}],"wp:term":[{"taxonomy":"category","embeddable":true,"href":"https:\/\/tveventos.tv.br\/index.php?rest_route=%2Fwp%2Fv2%2Fcategories&post=3836"},{"taxonomy":"post_tag","embeddable":true,"href":"https:\/\/tveventos.tv.br\/index.php?rest_route=%2Fwp%2Fv2%2Ftags&post=3836"}],"curies":[{"name":"wp","href":"https:\/\/api.w.org\/{rel}","templated":true}]}}