{"id":384,"date":"2023-10-04T14:58:47","date_gmt":"2023-10-04T17:58:47","guid":{"rendered":"https:\/\/tveventos.tv.br\/?p=384"},"modified":"2023-10-04T16:12:37","modified_gmt":"2023-10-04T19:12:37","slug":"ubrafe-participa-do-90o-congresso-global-da-ufi-para-impulsionar-industria-de-eventos-brasileira","status":"publish","type":"post","link":"https:\/\/tveventos.tv.br\/?p=384","title":{"rendered":"UBRAFE participa do 90\u00ba Congresso Global da UFI para impulsionar ind\u00fastria de eventos brasileira"},"content":{"rendered":"\n<p>A UBRAFE &#8211; Uni\u00e3o Brasileira de Feiras e Eventos de Neg\u00f3cios &#8211; marcar\u00e1 presen\u00e7a no 90\u00ba Congresso Global da UFI &#8211; Associa\u00e7\u00e3o Global da Ind\u00fastria de Exposi\u00e7\u00f5es,&nbsp;que acontecer\u00e1 em Las Vegas (EUA), entre os dias 1 e 4 de novembro.&nbsp; O congresso reunir\u00e1 palestrantes especialistas e l\u00edderes mundiais das principais empresas envolvidas com a organiza\u00e7\u00e3o de eventos. A participa\u00e7\u00e3o da UBRAFE ter\u00e1 como objetivo trazer mais representatividade para o Brasil, pa\u00eds que mais promove eventos na Am\u00e9rica Latina, com a proposta de atrair mais expositores e visitantes internacionais para as feiras de neg\u00f3cios no pa\u00eds.<\/p>\n\n\n\n<p>\u00c9 a primeira vez que o congresso UFI GLOBAL acontece em Las Vegas e com a Embratur como o primeiro patrocinador brasileiro da Associa\u00e7\u00e3o Global da Ind\u00fastria de Exposi\u00e7\u00f5es. UBRAFE e Embratur firmaram, no \u00faltimo m\u00eas de agosto, um acordo para promover a ind\u00fastria brasileira de eventos B2B no exterior, com o objetivo de tornar o Brasil o destino mais relevante desse segmento na Am\u00e9rica Latina. Em uma feira de neg\u00f3cios \u2013 formato de evento respons\u00e1vel pela maior atra\u00e7\u00e3o de turistas de neg\u00f3cios de todo o mundo &#8211; o n\u00famero de visitantes estrangeiros varia entre 5% e 15%, dependendo do setor econ\u00f4mico.<\/p>\n\n\n\n<p>\u201cQueremos investir em novas oportunidades internacionais para atrair esse p\u00fablico qualificado para as feiras que acontecem no Brasil, trazendo representatividade para o nosso pa\u00eds &#8211; lembrando tamb\u00e9m que as feiras de neg\u00f3cios s\u00e3o respons\u00e1veis por impulsionar a economia brasileira. Para esse mercado de Eventos B2B e Feiras, a oportunidade de realizar novas conex\u00f5es comerciais, conhecimentos e fazer novas alian\u00e7as \u00e9 extremamente importante, principalmente no cen\u00e1rio p\u00f3s-pandemia\u201d, pontua Paulo Oct\u00e1vio Pereira de Almeida (P.O.), diretor-executivo da UBRAFE. \u201cCerca de R$ 11 bilh\u00f5es foram movimentados na economia da cidade de S\u00e3o Paulo, advindos de 1.231 eventos de grande porte (acima de 700 pessoas participando), isso considerando apenas os investimentos feitos pelos visitantes no setor de hospitalidade da cidade de S\u00e3o Paulo. Queremos expandir a percep\u00e7\u00e3o do Brasil como um destino de eventos de neg\u00f3cios e participar do congresso UFI GLOBAL \u00e9 buscar mais parceiros para poder atrair cada vez mais visitantes internacionais aos eventos realizados aqui no Brasil\u201d, complementa.&nbsp;<\/p>\n\n\n\n<p>Os pain\u00e9is do 90\u00ba Congresso Global da UFI trar\u00e3o temas de grande import\u00e2ncia para o setor, direcionados \u00e0s perspectivas para al\u00e9m de 2024 no \u00e2mbito do impacto econ\u00f4mico e da sustentabilidade. O evento \u00e9 uma oportunidade de troca de conhecimento e espa\u00e7o para realizar networking com os l\u00edderes mundiais do mercado de feiras e a expectativa \u00e9 a realiza\u00e7\u00e3o de uma miss\u00e3o com associados da UBRAFE para formalizar estas a\u00e7\u00f5es.<\/p>\n\n\n\n<p>A entidade, juntamente com a Seiva Turismo, est\u00e1 formando uma visita\u00e7\u00e3o t\u00e9cnica ao Congresso, com objetivo de delegar empresas brasileiras para prestigiar o maior encontro da ind\u00fastria de exposi\u00e7\u00f5es. O pacote organizado para a delega\u00e7\u00e3o inclui passagens \u00e1reas, hospedagem, seguro de vida, credenciamento para o UFI Global Congress e visitas t\u00e9cnicas.&nbsp;<\/p>\n\n\n\n<p><strong>Servi\u00e7o<\/strong><strong>90\u00ba Congresso Global da UFI<\/strong>Per\u00edodo: 01\/11 a 04\/11<br>Mais informa\u00e7\u00f5es:&nbsp;<a href=\"http:\/\/www.seivaturismo.com.br\/ufi-global-congress-congresso-global-mice-exposicoes-feiras-convencoes-venues-eventos.html\" target=\"_blank\" rel=\"noreferrer noopener\">http:\/\/www.seivaturismo.com.br\/ufi-global-congress-congresso-global-mice-exposicoes-feiras-convencoes-venues-eventos.html<\/a>&nbsp;<\/p>\n\n\n\n<p><strong>Sobre a UBRAFE<\/strong><\/p>\n\n\n\n<p>A UBRAFE \u00e9 a entidade que representa o setor de promo\u00e7\u00e3o comercial nacional e internacionalmente junto a todos os segmentos da economia brasileira. Apresenta ao mercado e ao governo a import\u00e2ncia e os n\u00fameros do setor. Em seu quadro de associados est\u00e3o as maiores empresas promotoras de feiras de neg\u00f3cios do Brasil e outras empresas que constituem sua cadeia de valor, como alguns fornecedores especializados e as venues\/recintos nos quais estes eventos acontecem. Anualmente, as feiras de neg\u00f3cios com a marca UBRAFE re\u00fanem cerca de 32 mil expositores nacionais e 6 mil expositores estrangeiros, mais de 100 mil marcas expositoras, que atraem um universo com expectativa anual de mais de 10 milh\u00f5es de visitantes somente na cidade de S\u00e3o Paulo. Abrangendo os mais variados setores da economia, as feiras de neg\u00f3cios representam 90% da ocupa\u00e7\u00e3o nas principais venues\/recintos do pa\u00eds e s\u00e3o respons\u00e1veis pela comercializa\u00e7\u00e3o de pelo menos 5% do PIB. Mais informa\u00e7\u00f5es:&nbsp;&nbsp;<a href=\"https:\/\/ubrafe.org.br\/\" target=\"_blank\" rel=\"noreferrer noopener\">https:\/\/ubrafe.org.br<\/a>&nbsp;<\/p>\n","protected":false},"excerpt":{"rendered":"<p>A UBRAFE &#8211; Uni\u00e3o Brasileira de Feiras e Eventos de Neg\u00f3cios &#8211; marcar\u00e1 presen\u00e7a no 90\u00ba Congresso Global da UFI &#8211; Associa\u00e7\u00e3o Global da Ind\u00fastria de Exposi\u00e7\u00f5es,&nbsp;que acontecer\u00e1 em Las Vegas (EUA), entre os dias 1 e 4 de novembro.&nbsp; O congresso reunir\u00e1 palestrantes especialistas e l\u00edderes mundiais das principais empresas envolvidas com a organiza\u00e7\u00e3o [&hellip;]<\/p>\n","protected":false},"author":2,"featured_media":386,"comment_status":"open","ping_status":"open","sticky":false,"template":"","format":"standard","meta":{"footnotes":""},"categories":[1],"tags":[],"class_list":{"0":"post-384","1":"post","2":"type-post","3":"status-publish","4":"format-standard","5":"has-post-thumbnail","7":"category-workshopsepalestras"},"_links":{"self":[{"href":"https:\/\/tveventos.tv.br\/index.php?rest_route=\/wp\/v2\/posts\/384","targetHints":{"allow":["GET"]}}],"collection":[{"href":"https:\/\/tveventos.tv.br\/index.php?rest_route=\/wp\/v2\/posts"}],"about":[{"href":"https:\/\/tveventos.tv.br\/index.php?rest_route=\/wp\/v2\/types\/post"}],"author":[{"embeddable":true,"href":"https:\/\/tveventos.tv.br\/index.php?rest_route=\/wp\/v2\/users\/2"}],"replies":[{"embeddable":true,"href":"https:\/\/tveventos.tv.br\/index.php?rest_route=%2Fwp%2Fv2%2Fcomments&post=384"}],"version-history":[{"count":1,"href":"https:\/\/tveventos.tv.br\/index.php?rest_route=\/wp\/v2\/posts\/384\/revisions"}],"predecessor-version":[{"id":387,"href":"https:\/\/tveventos.tv.br\/index.php?rest_route=\/wp\/v2\/posts\/384\/revisions\/387"}],"wp:featuredmedia":[{"embeddable":true,"href":"https:\/\/tveventos.tv.br\/index.php?rest_route=\/wp\/v2\/media\/386"}],"wp:attachment":[{"href":"https:\/\/tveventos.tv.br\/index.php?rest_route=%2Fwp%2Fv2%2Fmedia&parent=384"}],"wp:term":[{"taxonomy":"category","embeddable":true,"href":"https:\/\/tveventos.tv.br\/index.php?rest_route=%2Fwp%2Fv2%2Fcategories&post=384"},{"taxonomy":"post_tag","embeddable":true,"href":"https:\/\/tveventos.tv.br\/index.php?rest_route=%2Fwp%2Fv2%2Ftags&post=384"}],"curies":[{"name":"wp","href":"https:\/\/api.w.org\/{rel}","templated":true}]}}