{"id":3843,"date":"2024-11-04T14:17:02","date_gmt":"2024-11-04T17:17:02","guid":{"rendered":"https:\/\/tveventos.tv.br\/?p=3843"},"modified":"2024-11-04T14:17:43","modified_gmt":"2024-11-04T17:17:43","slug":"comeca-amanha-5-em-sao-paulo-a-9a-edicao-do-congresso-brasileiro-dos-promotores-de-eventos","status":"publish","type":"post","link":"https:\/\/tveventos.tv.br\/?p=3843","title":{"rendered":"Come\u00e7a amanh\u00e3 (5), em S\u00e3o Paulo, a 9\u00aa edi\u00e7\u00e3o do Congresso Brasileiro dos Promotores de Eventos"},"content":{"rendered":"\n<p><em>Durante a programa\u00e7\u00e3o, acontece, tamb\u00e9m, o Forma e Transforma, um programa de desenvolvimento setorial da ABRAPE, com foco no treinamento dos profissionais do segmento<\/em>.<\/p>\n\n\n\n<p>O Distrito Anhembi, em S\u00e3o Paulo, ser\u00e1 palco da 9\u00aa edi\u00e7\u00e3o do Congresso Brasileiro dos Promotores de Eventos, um dos maiores encontros do setor de entretenimento no pa\u00eds, e da 4\u00aa Expo ABRAPE, uma das maiores feiras com fornecedores de estruturas e servi\u00e7os, escrit\u00f3rios art\u00edsticos, espa\u00e7os para eventos, casas de shows e toda a cadeia do segmento. Os eventos, j\u00e1 consolidados como refer\u00eancia no Brasil, reunir\u00e3o, nestes dias 5 e 6 de novembro, grandes nomes do show business nacional e internacional para debater os principais temas da cadeia produtiva do setor e fazer neg\u00f3cios.<\/p>\n\n\n\n<p>Mercado, inova\u00e7\u00e3o e tend\u00eancias estar\u00e3o no centro das discuss\u00f5es, com pain\u00e9is, palestras e debates abordando temas como experi\u00eancias do consumidor, legalidade, economia, ESG, desafios e inova\u00e7\u00f5es. A programa\u00e7\u00e3o conta com especialistas e l\u00edderes do setor, oferecendo uma vis\u00e3o abrangente dos caminhos e tend\u00eancias que v\u00e3o influenciar o futuro do entretenimento. Al\u00e9m do congresso, a 4\u00aa Expo ABRAPE ser\u00e1 uma grande oportunidade para profissionais e empresas se conectarem. Reconhecida como uma das maiores feiras do setor, reunir\u00e1 fornecedores de estruturas e servi\u00e7os, escrit\u00f3rios art\u00edsticos, tecnologia, inova\u00e7\u00e3o, al\u00e9m de espa\u00e7os e casas de shows.&nbsp;<\/p>\n\n\n\n<p>\u201cAl\u00e9m de ser um momento fundamental para discutirmos os rumos do setor no pa\u00eds, trocando experi\u00eancias e perspectivas, este ambiente de neg\u00f3cios promove novas parcerias, prospec\u00e7\u00f5es e fortalecimento de marcas, sendo o local ideal para expandir oportunidades no mercado de eventos\u201d, salienta o empres\u00e1rio e presidente da ABRAPE, Doreni Caramori J\u00fanior. A programa\u00e7\u00e3o completa pode ser conferida em <a href=\"https:\/\/cbpe.abrape.com.br\/\">https:\/\/cbpe.abrape.com.br\/<\/a>. Na ter\u00e7a haver\u00e1, a partir das 18h30, apresenta\u00e7\u00e3o da dupla Bruno e Denner com convidados e, na quarta, ser\u00e1 a vez de Z\u00e9 Henrique &amp; Gabriel, no mesmo hor\u00e1rio.&nbsp;<\/p>\n\n\n\n<p>Durante a programa\u00e7\u00e3o do congresso, acontece, tamb\u00e9m, a 3\u00aa edi\u00e7\u00e3o do Forma e Transforma, um programa de desenvolvimento setorial da ABRAPE, com foco no treinamento dos produtores de eventos, elevando a integra\u00e7\u00e3o nacional, inova\u00e7\u00e3o e sustentabilidade do mercado. Na programa\u00e7\u00e3o haver\u00e1 rodada de neg\u00f3cios e palestras abordando temas como Pr\u00e1ticas ESG: Novas Fontes de Receita e Relacionamento com Grandes Marcas, Patroc\u00ednios no Setor de Eventos: Como Atrair Grandes Marcas e Parcerias Duradouras, Pitch de Projetos de Leis Estaduais de Incentivo a Cultura e Consultoria Ambev e Patroc\u00ednios no setor de eventos: Como atrair grandes marcas e parcerias duradouras<\/p>\n\n\n\n<p><strong>Servi\u00e7o<\/strong><\/p>\n\n\n\n<p>9\u00ba Congresso Brasileiro dos Promotores de Eventos<\/p>\n\n\n\n<p>4\u00aa Expo ABRAPE<\/p>\n\n\n\n<p>Data: 5 e 6 de novembro<\/p>\n\n\n\n<p>Programa\u00e7\u00e3o: <a href=\"https:\/\/cbpe.abrape.com.br\/\">https:\/\/cbpe.abrape.com.br\/<\/a>&nbsp;<\/p>\n\n\n\n<p>Local: Distrito Anhembi (Av. Olavo Fontoura, 1209, Santana, S\u00e3o Paulo)<\/p>\n","protected":false},"excerpt":{"rendered":"<p>Durante a programa\u00e7\u00e3o, acontece, tamb\u00e9m, o Forma e Transforma, um programa de desenvolvimento setorial da ABRAPE, com foco no treinamento dos profissionais do segmento. O Distrito Anhembi, em S\u00e3o Paulo, ser\u00e1 palco da 9\u00aa edi\u00e7\u00e3o do Congresso Brasileiro dos Promotores de Eventos, um dos maiores encontros do setor de entretenimento no pa\u00eds, e da 4\u00aa [&hellip;]<\/p>\n","protected":false},"author":3,"featured_media":3844,"comment_status":"open","ping_status":"open","sticky":false,"template":"","format":"standard","meta":{"footnotes":""},"categories":[23],"tags":[],"class_list":{"0":"post-3843","1":"post","2":"type-post","3":"status-publish","4":"format-standard","5":"has-post-thumbnail","7":"category-feirasdenegocios"},"_links":{"self":[{"href":"https:\/\/tveventos.tv.br\/index.php?rest_route=\/wp\/v2\/posts\/3843","targetHints":{"allow":["GET"]}}],"collection":[{"href":"https:\/\/tveventos.tv.br\/index.php?rest_route=\/wp\/v2\/posts"}],"about":[{"href":"https:\/\/tveventos.tv.br\/index.php?rest_route=\/wp\/v2\/types\/post"}],"author":[{"embeddable":true,"href":"https:\/\/tveventos.tv.br\/index.php?rest_route=\/wp\/v2\/users\/3"}],"replies":[{"embeddable":true,"href":"https:\/\/tveventos.tv.br\/index.php?rest_route=%2Fwp%2Fv2%2Fcomments&post=3843"}],"version-history":[{"count":1,"href":"https:\/\/tveventos.tv.br\/index.php?rest_route=\/wp\/v2\/posts\/3843\/revisions"}],"predecessor-version":[{"id":3845,"href":"https:\/\/tveventos.tv.br\/index.php?rest_route=\/wp\/v2\/posts\/3843\/revisions\/3845"}],"wp:featuredmedia":[{"embeddable":true,"href":"https:\/\/tveventos.tv.br\/index.php?rest_route=\/wp\/v2\/media\/3844"}],"wp:attachment":[{"href":"https:\/\/tveventos.tv.br\/index.php?rest_route=%2Fwp%2Fv2%2Fmedia&parent=3843"}],"wp:term":[{"taxonomy":"category","embeddable":true,"href":"https:\/\/tveventos.tv.br\/index.php?rest_route=%2Fwp%2Fv2%2Fcategories&post=3843"},{"taxonomy":"post_tag","embeddable":true,"href":"https:\/\/tveventos.tv.br\/index.php?rest_route=%2Fwp%2Fv2%2Ftags&post=3843"}],"curies":[{"name":"wp","href":"https:\/\/api.w.org\/{rel}","templated":true}]}}