{"id":3850,"date":"2024-11-04T15:50:04","date_gmt":"2024-11-04T18:50:04","guid":{"rendered":"https:\/\/tveventos.tv.br\/?p=3850"},"modified":"2024-11-04T15:50:07","modified_gmt":"2024-11-04T18:50:07","slug":"horror-expo","status":"publish","type":"post","link":"https:\/\/tveventos.tv.br\/?p=3850","title":{"rendered":"Horror Expo\u00a0"},"content":{"rendered":"\n<p>A Horror Expo Brasil \u00e9 uma feira internacional dedicada ao horror em diversas formas, como cinema, TV, literatura, games, m\u00fasica e cultura pop. A programa\u00e7\u00e3o inclui labirintos, escape games, exposi\u00e7\u00f5es de artistas do g\u00eanero, estandes de produtos relacionados ao horror e cultura geek, al\u00e9m de desfiles cosplay e pain\u00e9is com convidados.&nbsp;<\/p>\n\n\n\n<p>Junte-se a n\u00f3s nos dias 09 e 10 de novembro, no Pro Magno.<\/p>\n\n\n\n<p>Endere\u00e7o: Avenida Professora Ida Kolb 513, S\u00e3o Paulo, S\u00e3o Paulo, 02518-000&nbsp;<\/p>\n","protected":false},"excerpt":{"rendered":"<p>A Horror Expo Brasil \u00e9 uma feira internacional dedicada ao horror em diversas formas, como cinema, TV, literatura, games, m\u00fasica e cultura pop. A programa\u00e7\u00e3o inclui labirintos, escape games, exposi\u00e7\u00f5es de artistas do g\u00eanero, estandes de produtos relacionados ao horror e cultura geek, al\u00e9m de desfiles cosplay e pain\u00e9is com convidados.&nbsp; Junte-se a n\u00f3s nos [&hellip;]<\/p>\n","protected":false},"author":3,"featured_media":3851,"comment_status":"open","ping_status":"open","sticky":false,"template":"","format":"standard","meta":{"footnotes":""},"categories":[25],"tags":[],"class_list":{"0":"post-3850","1":"post","2":"type-post","3":"status-publish","4":"format-standard","5":"has-post-thumbnail","7":"category-calendariodeeventos"},"_links":{"self":[{"href":"https:\/\/tveventos.tv.br\/index.php?rest_route=\/wp\/v2\/posts\/3850","targetHints":{"allow":["GET"]}}],"collection":[{"href":"https:\/\/tveventos.tv.br\/index.php?rest_route=\/wp\/v2\/posts"}],"about":[{"href":"https:\/\/tveventos.tv.br\/index.php?rest_route=\/wp\/v2\/types\/post"}],"author":[{"embeddable":true,"href":"https:\/\/tveventos.tv.br\/index.php?rest_route=\/wp\/v2\/users\/3"}],"replies":[{"embeddable":true,"href":"https:\/\/tveventos.tv.br\/index.php?rest_route=%2Fwp%2Fv2%2Fcomments&post=3850"}],"version-history":[{"count":1,"href":"https:\/\/tveventos.tv.br\/index.php?rest_route=\/wp\/v2\/posts\/3850\/revisions"}],"predecessor-version":[{"id":3852,"href":"https:\/\/tveventos.tv.br\/index.php?rest_route=\/wp\/v2\/posts\/3850\/revisions\/3852"}],"wp:featuredmedia":[{"embeddable":true,"href":"https:\/\/tveventos.tv.br\/index.php?rest_route=\/wp\/v2\/media\/3851"}],"wp:attachment":[{"href":"https:\/\/tveventos.tv.br\/index.php?rest_route=%2Fwp%2Fv2%2Fmedia&parent=3850"}],"wp:term":[{"taxonomy":"category","embeddable":true,"href":"https:\/\/tveventos.tv.br\/index.php?rest_route=%2Fwp%2Fv2%2Fcategories&post=3850"},{"taxonomy":"post_tag","embeddable":true,"href":"https:\/\/tveventos.tv.br\/index.php?rest_route=%2Fwp%2Fv2%2Ftags&post=3850"}],"curies":[{"name":"wp","href":"https:\/\/api.w.org\/{rel}","templated":true}]}}