{"id":3853,"date":"2024-11-04T15:56:51","date_gmt":"2024-11-04T18:56:51","guid":{"rendered":"https:\/\/tveventos.tv.br\/?p=3853"},"modified":"2024-11-04T15:56:53","modified_gmt":"2024-11-04T18:56:53","slug":"forum-de-compras-e-sourcing","status":"publish","type":"post","link":"https:\/\/tveventos.tv.br\/?p=3853","title":{"rendered":"F\u00f3rum de Compras e Sourcing"},"content":{"rendered":"\n<p>A 21\u00aa Edi\u00e7\u00e3o do F\u00f3rum de Compras e Sourcing ser\u00e1 uma jornada transformadora, focada nos desafios e tend\u00eancias do dia a dia de compras e do procurement. Com o tema &#8220;Liderando a transforma\u00e7\u00e3o dos neg\u00f3cios&#8221;, esta edi\u00e7\u00e3o foi projetada com as ferramentas e insights necess\u00e1rios para voc\u00ea n\u00e3o s\u00f3 acompanhar, mas liderar as mudan\u00e7as.<\/p>\n\n\n\n<p>Junte-se a n\u00f3s nos dias 11 e 12 de novembro das 09 \u00e0s 18h, no Centro de Conven\u00e7\u00f5es Frei Caneca.&nbsp;&nbsp;<\/p>\n\n\n\n<p>Endere\u00e7o: Rua Frei Caneca 569, S\u00e3o Paulo, SP, 01307-001&nbsp;&nbsp;&nbsp;<\/p>\n","protected":false},"excerpt":{"rendered":"<p>A 21\u00aa Edi\u00e7\u00e3o do F\u00f3rum de Compras e Sourcing ser\u00e1 uma jornada transformadora, focada nos desafios e tend\u00eancias do dia a dia de compras e do procurement. Com o tema &#8220;Liderando a transforma\u00e7\u00e3o dos neg\u00f3cios&#8221;, esta edi\u00e7\u00e3o foi projetada com as ferramentas e insights necess\u00e1rios para voc\u00ea n\u00e3o s\u00f3 acompanhar, mas liderar as mudan\u00e7as. Junte-se [&hellip;]<\/p>\n","protected":false},"author":3,"featured_media":3854,"comment_status":"open","ping_status":"open","sticky":false,"template":"","format":"standard","meta":{"footnotes":""},"categories":[25],"tags":[],"class_list":{"0":"post-3853","1":"post","2":"type-post","3":"status-publish","4":"format-standard","5":"has-post-thumbnail","7":"category-calendariodeeventos"},"_links":{"self":[{"href":"https:\/\/tveventos.tv.br\/index.php?rest_route=\/wp\/v2\/posts\/3853","targetHints":{"allow":["GET"]}}],"collection":[{"href":"https:\/\/tveventos.tv.br\/index.php?rest_route=\/wp\/v2\/posts"}],"about":[{"href":"https:\/\/tveventos.tv.br\/index.php?rest_route=\/wp\/v2\/types\/post"}],"author":[{"embeddable":true,"href":"https:\/\/tveventos.tv.br\/index.php?rest_route=\/wp\/v2\/users\/3"}],"replies":[{"embeddable":true,"href":"https:\/\/tveventos.tv.br\/index.php?rest_route=%2Fwp%2Fv2%2Fcomments&post=3853"}],"version-history":[{"count":1,"href":"https:\/\/tveventos.tv.br\/index.php?rest_route=\/wp\/v2\/posts\/3853\/revisions"}],"predecessor-version":[{"id":3855,"href":"https:\/\/tveventos.tv.br\/index.php?rest_route=\/wp\/v2\/posts\/3853\/revisions\/3855"}],"wp:featuredmedia":[{"embeddable":true,"href":"https:\/\/tveventos.tv.br\/index.php?rest_route=\/wp\/v2\/media\/3854"}],"wp:attachment":[{"href":"https:\/\/tveventos.tv.br\/index.php?rest_route=%2Fwp%2Fv2%2Fmedia&parent=3853"}],"wp:term":[{"taxonomy":"category","embeddable":true,"href":"https:\/\/tveventos.tv.br\/index.php?rest_route=%2Fwp%2Fv2%2Fcategories&post=3853"},{"taxonomy":"post_tag","embeddable":true,"href":"https:\/\/tveventos.tv.br\/index.php?rest_route=%2Fwp%2Fv2%2Ftags&post=3853"}],"curies":[{"name":"wp","href":"https:\/\/api.w.org\/{rel}","templated":true}]}}