{"id":3856,"date":"2024-11-04T16:36:11","date_gmt":"2024-11-04T19:36:11","guid":{"rendered":"https:\/\/tveventos.tv.br\/?p=3856"},"modified":"2024-11-04T16:36:13","modified_gmt":"2024-11-04T19:36:13","slug":"expowfld","status":"publish","type":"post","link":"https:\/\/tveventos.tv.br\/?p=3856","title":{"rendered":"ExpoWFLD"},"content":{"rendered":"\n<p>O ExpoWFLD re\u00fane mais de 30 empresas, entre patrocinadores e expositores, que apresentam suas inova\u00e7\u00f5es em produtos e equipamentos. Essa \u00e9 a oportunidade que o profissional tem, em uma mesma agenda, de validar insights, descobrir novas oportunidades e avan\u00e7ar em t\u00e9cnicas apresentadas que tem os produtos como parte importante do fluxo de tratamento.<\/p>\n\n\n\n<p>Junte-se a n\u00f3s nos dias 11 a 13 de novembro, no Centro de Conven\u00e7\u00f5es Rebou\u00e7as.<\/p>\n\n\n\n<p>Endere\u00e7o: Av Rebou\u00e7as 600, S\u00e3o Paulo, SP, 05402-000&nbsp;<\/p>\n","protected":false},"excerpt":{"rendered":"<p>O ExpoWFLD re\u00fane mais de 30 empresas, entre patrocinadores e expositores, que apresentam suas inova\u00e7\u00f5es em produtos e equipamentos. Essa \u00e9 a oportunidade que o profissional tem, em uma mesma agenda, de validar insights, descobrir novas oportunidades e avan\u00e7ar em t\u00e9cnicas apresentadas que tem os produtos como parte importante do fluxo de tratamento. Junte-se a [&hellip;]<\/p>\n","protected":false},"author":3,"featured_media":3857,"comment_status":"open","ping_status":"open","sticky":false,"template":"","format":"standard","meta":{"footnotes":""},"categories":[25],"tags":[],"class_list":{"0":"post-3856","1":"post","2":"type-post","3":"status-publish","4":"format-standard","5":"has-post-thumbnail","7":"category-calendariodeeventos"},"_links":{"self":[{"href":"https:\/\/tveventos.tv.br\/index.php?rest_route=\/wp\/v2\/posts\/3856","targetHints":{"allow":["GET"]}}],"collection":[{"href":"https:\/\/tveventos.tv.br\/index.php?rest_route=\/wp\/v2\/posts"}],"about":[{"href":"https:\/\/tveventos.tv.br\/index.php?rest_route=\/wp\/v2\/types\/post"}],"author":[{"embeddable":true,"href":"https:\/\/tveventos.tv.br\/index.php?rest_route=\/wp\/v2\/users\/3"}],"replies":[{"embeddable":true,"href":"https:\/\/tveventos.tv.br\/index.php?rest_route=%2Fwp%2Fv2%2Fcomments&post=3856"}],"version-history":[{"count":1,"href":"https:\/\/tveventos.tv.br\/index.php?rest_route=\/wp\/v2\/posts\/3856\/revisions"}],"predecessor-version":[{"id":3858,"href":"https:\/\/tveventos.tv.br\/index.php?rest_route=\/wp\/v2\/posts\/3856\/revisions\/3858"}],"wp:featuredmedia":[{"embeddable":true,"href":"https:\/\/tveventos.tv.br\/index.php?rest_route=\/wp\/v2\/media\/3857"}],"wp:attachment":[{"href":"https:\/\/tveventos.tv.br\/index.php?rest_route=%2Fwp%2Fv2%2Fmedia&parent=3856"}],"wp:term":[{"taxonomy":"category","embeddable":true,"href":"https:\/\/tveventos.tv.br\/index.php?rest_route=%2Fwp%2Fv2%2Fcategories&post=3856"},{"taxonomy":"post_tag","embeddable":true,"href":"https:\/\/tveventos.tv.br\/index.php?rest_route=%2Fwp%2Fv2%2Ftags&post=3856"}],"curies":[{"name":"wp","href":"https:\/\/api.w.org\/{rel}","templated":true}]}}