{"id":3862,"date":"2024-11-04T16:49:04","date_gmt":"2024-11-04T19:49:04","guid":{"rendered":"https:\/\/tveventos.tv.br\/?p=3862"},"modified":"2024-11-04T16:49:07","modified_gmt":"2024-11-04T19:49:07","slug":"conacredi-agro","status":"publish","type":"post","link":"https:\/\/tveventos.tv.br\/?p=3862","title":{"rendered":"Conacredi Agro"},"content":{"rendered":"\n<p>Desde 2018 o Conacredi se fortalece no segmento do Agroneg\u00f3cio proporcionando conte\u00fado atualizado, networking de alto n\u00edvel e a presen\u00e7a e participa\u00e7\u00e3o de grandes especialistas que atuam no cen\u00e1rio de concess\u00e3o de cr\u00e9dito para produtores rurais.<\/p>\n\n\n\n<p>Junte-se a n\u00f3s nos dias 12 e 13 de novembro das 08h \u00e0s 19h, no Centro de Conven\u00e7\u00f5es Frei Caneca.<\/p>\n\n\n\n<p>Endere\u00e7o: Rua Frei Caneca 569, S\u00e3o Paulo, SP, 01307-001<\/p>\n","protected":false},"excerpt":{"rendered":"<p>Desde 2018 o Conacredi se fortalece no segmento do Agroneg\u00f3cio proporcionando conte\u00fado atualizado, networking de alto n\u00edvel e a presen\u00e7a e participa\u00e7\u00e3o de grandes especialistas que atuam no cen\u00e1rio de concess\u00e3o de cr\u00e9dito para produtores rurais. Junte-se a n\u00f3s nos dias 12 e 13 de novembro das 08h \u00e0s 19h, no Centro de Conven\u00e7\u00f5es Frei [&hellip;]<\/p>\n","protected":false},"author":3,"featured_media":3863,"comment_status":"open","ping_status":"open","sticky":false,"template":"","format":"standard","meta":{"footnotes":""},"categories":[25],"tags":[],"class_list":{"0":"post-3862","1":"post","2":"type-post","3":"status-publish","4":"format-standard","5":"has-post-thumbnail","7":"category-calendariodeeventos"},"_links":{"self":[{"href":"https:\/\/tveventos.tv.br\/index.php?rest_route=\/wp\/v2\/posts\/3862","targetHints":{"allow":["GET"]}}],"collection":[{"href":"https:\/\/tveventos.tv.br\/index.php?rest_route=\/wp\/v2\/posts"}],"about":[{"href":"https:\/\/tveventos.tv.br\/index.php?rest_route=\/wp\/v2\/types\/post"}],"author":[{"embeddable":true,"href":"https:\/\/tveventos.tv.br\/index.php?rest_route=\/wp\/v2\/users\/3"}],"replies":[{"embeddable":true,"href":"https:\/\/tveventos.tv.br\/index.php?rest_route=%2Fwp%2Fv2%2Fcomments&post=3862"}],"version-history":[{"count":1,"href":"https:\/\/tveventos.tv.br\/index.php?rest_route=\/wp\/v2\/posts\/3862\/revisions"}],"predecessor-version":[{"id":3864,"href":"https:\/\/tveventos.tv.br\/index.php?rest_route=\/wp\/v2\/posts\/3862\/revisions\/3864"}],"wp:featuredmedia":[{"embeddable":true,"href":"https:\/\/tveventos.tv.br\/index.php?rest_route=\/wp\/v2\/media\/3863"}],"wp:attachment":[{"href":"https:\/\/tveventos.tv.br\/index.php?rest_route=%2Fwp%2Fv2%2Fmedia&parent=3862"}],"wp:term":[{"taxonomy":"category","embeddable":true,"href":"https:\/\/tveventos.tv.br\/index.php?rest_route=%2Fwp%2Fv2%2Fcategories&post=3862"},{"taxonomy":"post_tag","embeddable":true,"href":"https:\/\/tveventos.tv.br\/index.php?rest_route=%2Fwp%2Fv2%2Ftags&post=3862"}],"curies":[{"name":"wp","href":"https:\/\/api.w.org\/{rel}","templated":true}]}}