{"id":3865,"date":"2024-11-04T16:54:26","date_gmt":"2024-11-04T19:54:26","guid":{"rendered":"https:\/\/tveventos.tv.br\/?p=3865"},"modified":"2024-11-04T16:55:49","modified_gmt":"2024-11-04T19:55:49","slug":"grisc","status":"publish","type":"post","link":"https:\/\/tveventos.tv.br\/?p=3865","title":{"rendered":"GRISC"},"content":{"rendered":"\n<p>Com o tema central \u201cOs riscos frente \u00e0s transforma\u00e7\u00f5es em movimento: Desafios do cen\u00e1rio global\u201d, o Febraban &#8211; GRISC (Congresso Internacional de Gest\u00e3o de Riscos) conta com especialistas nacionais e internacionais das \u00e1reas de gest\u00e3o de riscos, auditoria interna, compliance e controles internos das institui\u00e7\u00f5es financeiras que atuam no mercado financeiro, al\u00e9m de representantes de seguradoras, previd\u00eancia, consultorias e reguladores. <\/p>\n\n\n\n<p>Junte-se a n\u00f3s nos dias 12 e 13 de novembro, no Vila Bluee Tree.<\/p>\n\n\n\n<p>Endere\u00e7o: Rua Castro Verde 266, S\u00e3o Paulo, SP, 04728-001<\/p>\n","protected":false},"excerpt":{"rendered":"<p>Com o tema central \u201cOs riscos frente \u00e0s transforma\u00e7\u00f5es em movimento: Desafios do cen\u00e1rio global\u201d, o Febraban &#8211; GRISC (Congresso Internacional de Gest\u00e3o de Riscos) conta com especialistas nacionais e internacionais das \u00e1reas de gest\u00e3o de riscos, auditoria interna, compliance e controles internos das institui\u00e7\u00f5es financeiras que atuam no mercado financeiro, al\u00e9m de representantes de [&hellip;]<\/p>\n","protected":false},"author":3,"featured_media":3866,"comment_status":"open","ping_status":"open","sticky":false,"template":"","format":"standard","meta":{"footnotes":""},"categories":[25],"tags":[],"class_list":{"0":"post-3865","1":"post","2":"type-post","3":"status-publish","4":"format-standard","5":"has-post-thumbnail","7":"category-calendariodeeventos"},"_links":{"self":[{"href":"https:\/\/tveventos.tv.br\/index.php?rest_route=\/wp\/v2\/posts\/3865","targetHints":{"allow":["GET"]}}],"collection":[{"href":"https:\/\/tveventos.tv.br\/index.php?rest_route=\/wp\/v2\/posts"}],"about":[{"href":"https:\/\/tveventos.tv.br\/index.php?rest_route=\/wp\/v2\/types\/post"}],"author":[{"embeddable":true,"href":"https:\/\/tveventos.tv.br\/index.php?rest_route=\/wp\/v2\/users\/3"}],"replies":[{"embeddable":true,"href":"https:\/\/tveventos.tv.br\/index.php?rest_route=%2Fwp%2Fv2%2Fcomments&post=3865"}],"version-history":[{"count":2,"href":"https:\/\/tveventos.tv.br\/index.php?rest_route=\/wp\/v2\/posts\/3865\/revisions"}],"predecessor-version":[{"id":3869,"href":"https:\/\/tveventos.tv.br\/index.php?rest_route=\/wp\/v2\/posts\/3865\/revisions\/3869"}],"wp:featuredmedia":[{"embeddable":true,"href":"https:\/\/tveventos.tv.br\/index.php?rest_route=\/wp\/v2\/media\/3866"}],"wp:attachment":[{"href":"https:\/\/tveventos.tv.br\/index.php?rest_route=%2Fwp%2Fv2%2Fmedia&parent=3865"}],"wp:term":[{"taxonomy":"category","embeddable":true,"href":"https:\/\/tveventos.tv.br\/index.php?rest_route=%2Fwp%2Fv2%2Fcategories&post=3865"},{"taxonomy":"post_tag","embeddable":true,"href":"https:\/\/tveventos.tv.br\/index.php?rest_route=%2Fwp%2Fv2%2Ftags&post=3865"}],"curies":[{"name":"wp","href":"https:\/\/api.w.org\/{rel}","templated":true}]}}