{"id":3868,"date":"2024-11-04T17:01:12","date_gmt":"2024-11-04T20:01:12","guid":{"rendered":"https:\/\/tveventos.tv.br\/?p=3868"},"modified":"2024-11-04T17:01:15","modified_gmt":"2024-11-04T20:01:15","slug":"bf-show","status":"publish","type":"post","link":"https:\/\/tveventos.tv.br\/?p=3868","title":{"rendered":"BF Show"},"content":{"rendered":"\n<p>A BF Show (Brazilian Footwear Show) \u00e9 a grande vitrine do cal\u00e7ado brasileiro. Ponto de encontro para a ind\u00fastria de cal\u00e7ados e compradores nacionais e internacionais. O evento apresenta oportunidades de conex\u00e3o para que clientes encontrem a diversidade e qualidade do \u201cmade in Brazil\u201d. Marcas de cal\u00e7ados femininos, masculinos, infantis e esportivos de diferentes portes e polos produtivos apresentam todos os diferenciais da ind\u00fastria cal\u00e7adista brasileira, a maior do Ocidente.<\/p>\n\n\n\n<p>Junte-se a n\u00f3s nos dias 11 a 13 de novembro, no Distrito Anhembi.<\/p>\n\n\n\n<p>Hor\u00e1rios: Dias 11 e 12 das 09h \u00e0s 19h&nbsp;<\/p>\n\n\n\n<p>Dia 13 das 09h \u00e0s 17h<\/p>\n\n\n\n<p>Endere\u00e7o: Avenida Olavo Fontoura, N\u00b0 1. 209\/Santana, S\u00e3o Paulo, SP, 02012-021<\/p>\n\n\n\n<p><\/p>\n","protected":false},"excerpt":{"rendered":"<p>A BF Show (Brazilian Footwear Show) \u00e9 a grande vitrine do cal\u00e7ado brasileiro. Ponto de encontro para a ind\u00fastria de cal\u00e7ados e compradores nacionais e internacionais. O evento apresenta oportunidades de conex\u00e3o para que clientes encontrem a diversidade e qualidade do \u201cmade in Brazil\u201d. Marcas de cal\u00e7ados femininos, masculinos, infantis e esportivos de diferentes portes [&hellip;]<\/p>\n","protected":false},"author":3,"featured_media":3870,"comment_status":"open","ping_status":"open","sticky":false,"template":"","format":"standard","meta":{"footnotes":""},"categories":[25],"tags":[],"class_list":{"0":"post-3868","1":"post","2":"type-post","3":"status-publish","4":"format-standard","5":"has-post-thumbnail","7":"category-calendariodeeventos"},"_links":{"self":[{"href":"https:\/\/tveventos.tv.br\/index.php?rest_route=\/wp\/v2\/posts\/3868","targetHints":{"allow":["GET"]}}],"collection":[{"href":"https:\/\/tveventos.tv.br\/index.php?rest_route=\/wp\/v2\/posts"}],"about":[{"href":"https:\/\/tveventos.tv.br\/index.php?rest_route=\/wp\/v2\/types\/post"}],"author":[{"embeddable":true,"href":"https:\/\/tveventos.tv.br\/index.php?rest_route=\/wp\/v2\/users\/3"}],"replies":[{"embeddable":true,"href":"https:\/\/tveventos.tv.br\/index.php?rest_route=%2Fwp%2Fv2%2Fcomments&post=3868"}],"version-history":[{"count":1,"href":"https:\/\/tveventos.tv.br\/index.php?rest_route=\/wp\/v2\/posts\/3868\/revisions"}],"predecessor-version":[{"id":3871,"href":"https:\/\/tveventos.tv.br\/index.php?rest_route=\/wp\/v2\/posts\/3868\/revisions\/3871"}],"wp:featuredmedia":[{"embeddable":true,"href":"https:\/\/tveventos.tv.br\/index.php?rest_route=\/wp\/v2\/media\/3870"}],"wp:attachment":[{"href":"https:\/\/tveventos.tv.br\/index.php?rest_route=%2Fwp%2Fv2%2Fmedia&parent=3868"}],"wp:term":[{"taxonomy":"category","embeddable":true,"href":"https:\/\/tveventos.tv.br\/index.php?rest_route=%2Fwp%2Fv2%2Fcategories&post=3868"},{"taxonomy":"post_tag","embeddable":true,"href":"https:\/\/tveventos.tv.br\/index.php?rest_route=%2Fwp%2Fv2%2Ftags&post=3868"}],"curies":[{"name":"wp","href":"https:\/\/api.w.org\/{rel}","templated":true}]}}