{"id":3872,"date":"2024-11-04T17:35:41","date_gmt":"2024-11-04T20:35:41","guid":{"rendered":"https:\/\/tveventos.tv.br\/?p=3872"},"modified":"2024-11-04T17:35:44","modified_gmt":"2024-11-04T20:35:44","slug":"tattoo-week","status":"publish","type":"post","link":"https:\/\/tveventos.tv.br\/?p=3872","title":{"rendered":"Tattoo Week\u00a0"},"content":{"rendered":"\n<p>Na maior conven\u00e7\u00e3o de tatuagem e body piercing do mundo, algumas de suas principais miss\u00f5es \u00e9 popularizar a arte da tatuagem no pa\u00eds, promover o interc\u00e2mbio internacional entre os profissionais, integrar o p\u00fablico apreciador da arte na pele ao apresentar as mais recentes tend\u00eancias \u2013 desde estilos at\u00e9 lan\u00e7amentos de produtos.<\/p>\n\n\n\n<p>Junte-se a n\u00f3s nos dias 11 a 17 de novembro, no Expo Center Norte.<\/p>\n\n\n\n<p>Endere\u00e7o: Rua Jos\u00e9 Bernardo Pinto 333, S\u00e3o Paulo, SP, 02055-000&nbsp;<\/p>\n","protected":false},"excerpt":{"rendered":"<p>Na maior conven\u00e7\u00e3o de tatuagem e body piercing do mundo, algumas de suas principais miss\u00f5es \u00e9 popularizar a arte da tatuagem no pa\u00eds, promover o interc\u00e2mbio internacional entre os profissionais, integrar o p\u00fablico apreciador da arte na pele ao apresentar as mais recentes tend\u00eancias \u2013 desde estilos at\u00e9 lan\u00e7amentos de produtos. Junte-se a n\u00f3s nos [&hellip;]<\/p>\n","protected":false},"author":3,"featured_media":3873,"comment_status":"open","ping_status":"open","sticky":false,"template":"","format":"standard","meta":{"footnotes":""},"categories":[25],"tags":[],"class_list":{"0":"post-3872","1":"post","2":"type-post","3":"status-publish","4":"format-standard","5":"has-post-thumbnail","7":"category-calendariodeeventos"},"_links":{"self":[{"href":"https:\/\/tveventos.tv.br\/index.php?rest_route=\/wp\/v2\/posts\/3872","targetHints":{"allow":["GET"]}}],"collection":[{"href":"https:\/\/tveventos.tv.br\/index.php?rest_route=\/wp\/v2\/posts"}],"about":[{"href":"https:\/\/tveventos.tv.br\/index.php?rest_route=\/wp\/v2\/types\/post"}],"author":[{"embeddable":true,"href":"https:\/\/tveventos.tv.br\/index.php?rest_route=\/wp\/v2\/users\/3"}],"replies":[{"embeddable":true,"href":"https:\/\/tveventos.tv.br\/index.php?rest_route=%2Fwp%2Fv2%2Fcomments&post=3872"}],"version-history":[{"count":1,"href":"https:\/\/tveventos.tv.br\/index.php?rest_route=\/wp\/v2\/posts\/3872\/revisions"}],"predecessor-version":[{"id":3874,"href":"https:\/\/tveventos.tv.br\/index.php?rest_route=\/wp\/v2\/posts\/3872\/revisions\/3874"}],"wp:featuredmedia":[{"embeddable":true,"href":"https:\/\/tveventos.tv.br\/index.php?rest_route=\/wp\/v2\/media\/3873"}],"wp:attachment":[{"href":"https:\/\/tveventos.tv.br\/index.php?rest_route=%2Fwp%2Fv2%2Fmedia&parent=3872"}],"wp:term":[{"taxonomy":"category","embeddable":true,"href":"https:\/\/tveventos.tv.br\/index.php?rest_route=%2Fwp%2Fv2%2Fcategories&post=3872"},{"taxonomy":"post_tag","embeddable":true,"href":"https:\/\/tveventos.tv.br\/index.php?rest_route=%2Fwp%2Fv2%2Ftags&post=3872"}],"curies":[{"name":"wp","href":"https:\/\/api.w.org\/{rel}","templated":true}]}}