{"id":3875,"date":"2024-11-05T11:35:31","date_gmt":"2024-11-05T14:35:31","guid":{"rendered":"https:\/\/tveventos.tv.br\/?p=3875"},"modified":"2024-11-05T11:35:35","modified_gmt":"2024-11-05T14:35:35","slug":"fenalaw-2024-teve-recorde-de-publico-e-mais-de-500-palestrantes","status":"publish","type":"post","link":"https:\/\/tveventos.tv.br\/?p=3875","title":{"rendered":"Fenalaw 2024 teve recorde de p\u00fablico e mais de 500 palestrantes"},"content":{"rendered":"\n<p><\/p>\n\n\n\n<p>A Fenalaw 2024, maior congresso do setor jur\u00eddico da Am\u00e9rica Latina, encerrou com cerca de 15 mil inscritos e mais de 500 palestrantes, tornando-se o epicentro de discuss\u00e3o de temas relevantes e de explora\u00e7\u00e3o das \u00faltimas tend\u00eancias do setor.<\/p>\n\n\n\n<p>Realizado durante os dias 23, 24 e 25 de outubro, no Centro de Conven\u00e7\u00f5es Frei Caneca, em S\u00e3o Paulo, o evento chegou a algumas conclus\u00f5es:<\/p>\n\n\n\n<p>\u2013 O uso de tecnologia pelo Judici\u00e1rio brasileiro n\u00e3o tem par\u00e2metro no mundo; e ainda o uso de Intelig\u00eancia Artificial (IA) \u00e9 inevit\u00e1vel no campo profissional, especialmente na advocacia.<\/p>\n\n\n\n<p>Foram plen\u00e1rias com grandes l\u00edderes, lan\u00e7amentos de livros inovadores e discuss\u00f5es profundas sobre IA,&nbsp;gest\u00e3o jur\u00eddica,&nbsp;lideran\u00e7a transformadora e o papel do advogado em um cen\u00e1rio global cada vez mais complexo.<\/p>\n\n\n\n<p>Profissionais do universo jur\u00eddico e do ambiente corporativo tiveram uma agenda repleta de palestras, pain\u00e9is de discuss\u00e3o, workshops pr\u00e1ticos e oportunidades de networking de alto n\u00edvel para se manter na vanguarda.<\/p>\n\n\n\n<p>\u201cJ\u00e1 estamos preparando a Fenalaw 2025<strong>,&nbsp;<\/strong>consolidada como a maior e mais importante para o mercado jur\u00eddico da Am\u00e9rica Latina, que ser\u00e1 ainda maior e melhor\u201d, disse Maria Juliana do Prado Barbosa, CEO da Fenalaw.<\/p>\n\n\n\n<p>A Fenalaw reuniu mais de 150 expositores de S\u00e3o Paulo, do interior e de outros Estados do pa\u00eds que apresentaram inova\u00e7\u00f5es e solu\u00e7\u00f5es com as mais recentes tecnologias e servi\u00e7os dispon\u00edveis.<\/p>\n\n\n\n<p>Por sua vez, mais de 500 palestrantes renomados compartilharam insights valiosos, indo de gest\u00e3o de pessoas e compliance at\u00e9 inova\u00e7\u00e3o, refletindo a expertise e diversidade de perspectivas presentes no evento.<\/p>\n\n\n\n<p>Al\u00e9m disso, em oito salas de conte\u00fado ocorreram apresenta\u00e7\u00f5es variadas, refletindo a abrang\u00eancia do panorama jur\u00eddico contempor\u00e2neo.<\/p>\n\n\n\n<p>Alguns destaques da Fenalaw 2024:<\/p>\n\n\n\n<p><strong>Plen\u00e1ria \u2013 O Uso \u00c9tico e Respons\u00e1vel de IA pelo Poder P\u00fablico e o seu Impacto no Mercado Jur\u00eddico:<\/strong>&nbsp;Membros do CNJ, AGU e STF discutiram o panorama sobre deveres e direitos do uso da IA, tornando a Fenalaw um dos principais palcos de discuss\u00e3o sobre o futuro do Direito na transforma\u00e7\u00e3o digital.<\/p>\n\n\n\n<p>\u201cO Brasil tem um uso de tecnologia no Judici\u00e1rio que n\u00e3o tem par\u00e2metro\u201d, afirmou Luiz Fernando Bandeira de Mello Filho, conselheiro do CNJ, que participava do painel.<\/p>\n\n\n\n<p><strong>Plen\u00e1ria \u2013 O Futuro da Gest\u00e3o Jur\u00eddica na Vis\u00e3o de L\u00edderes Inspiradores:&nbsp;<\/strong>CEOs e gestores das maiores bancas de advocacia trouxeram uma vis\u00e3o sobre diretrizes da gest\u00e3o jur\u00eddica em um mercado competitivo, abordando adapta\u00e7\u00e3o \u00e0s novas tecnologias; inova\u00e7\u00e3o nos servi\u00e7os; estrat\u00e9gias para reter talentos.<\/p>\n\n\n\n<p>\u201cSer\u00e1 absolutamente inevit\u00e1vel na nossa profiss\u00e3o todos n\u00f3s, como advogados, utilizarmos ferramentas de intelig\u00eancia artificial\u201d, afirmou Tito Andrade,&nbsp;<em>managing partner<\/em>do Machado Meyer, durante a palestra.<\/p>\n\n\n\n<p><strong>Plen\u00e1ria \u2013 O Impacto Transformador da Lideran\u00e7a Feminina no Mundo Corporativo<\/strong>: painel poderoso com mulheres l\u00edderes em empresas e institui\u00e7\u00f5es, como Banco do Brasil, Uber, Philips e OAB,&nbsp;que discutiram o papel da mulher na transforma\u00e7\u00e3o das organiza\u00e7\u00f5es, a import\u00e2ncia da diversidade e da inclus\u00e3o&nbsp;em cargos de alta gest\u00e3o e as estrat\u00e9gias que elas utilizam para enfrentar os desafios de suas carreiras.<\/p>\n\n\n\n<p><strong>Workshops Pr\u00e1ticos<\/strong>:sess\u00f5es focadas em&nbsp;negocia\u00e7\u00e3o e vendas, aprendizado de t\u00e9cnicas para alavancar habilidades no mercado jur\u00eddico com especialistas de renome.<\/p>\n\n\n\n<p><strong>Cases de sucesso de gest\u00e3o:<\/strong>&nbsp;Participa\u00e7\u00e3o de representantes de Departamentos Jur\u00eddicos de grandes empresas, entre elas Petrobras, Mercado Livre, C&amp;A, Ford e Bradesco.<\/p>\n\n\n\n<p><strong>Conte\u00fado especializado em todas as salas<\/strong>:IA, compliance, legal design e mais, aprofundando os desafios e oportunidades do setor.<\/p>\n\n\n\n<p><strong>Agendas especiais:&nbsp;<\/strong>Palco FENATALKS<strong>;&nbsp;<\/strong>Palco TECHVILLAGE;Vila do Conhecimento, com lan\u00e7amento de livros jur\u00eddicos todos os dias.<\/p>\n\n\n\n<p>E a Fenalaw n\u00e3o para, com o FenalawLab&nbsp;seguindo as atividades o ano todo, com conte\u00fado exclusivo, artigos e entrevistas sobre as tend\u00eancias e inova\u00e7\u00f5es jur\u00eddicas.<\/p>\n\n\n\n<p>As entrevistas gravadas durante o evento no&nbsp;Est\u00fadio Fenalaw by Avocar&nbsp;ser\u00e3o divulgadas nos pr\u00f3ximos meses em nossos canais. Acompanhe pelo site e redes sociais.&nbsp;&nbsp;<a href=\"http:\/\/www.fenalaw.com.br\/\">www.fenalaw.com.br<\/a><\/p>\n\n\n\n<p><\/p>\n","protected":false},"excerpt":{"rendered":"<p>A Fenalaw 2024, maior congresso do setor jur\u00eddico da Am\u00e9rica Latina, encerrou com cerca de 15 mil inscritos e mais de 500 palestrantes, tornando-se o epicentro de discuss\u00e3o de temas relevantes e de explora\u00e7\u00e3o das \u00faltimas tend\u00eancias do setor. Realizado durante os dias 23, 24 e 25 de outubro, no Centro de Conven\u00e7\u00f5es Frei Caneca, [&hellip;]<\/p>\n","protected":false},"author":2,"featured_media":3876,"comment_status":"open","ping_status":"open","sticky":false,"template":"","format":"standard","meta":{"footnotes":""},"categories":[23],"tags":[],"class_list":{"0":"post-3875","1":"post","2":"type-post","3":"status-publish","4":"format-standard","5":"has-post-thumbnail","7":"category-feirasdenegocios"},"_links":{"self":[{"href":"https:\/\/tveventos.tv.br\/index.php?rest_route=\/wp\/v2\/posts\/3875","targetHints":{"allow":["GET"]}}],"collection":[{"href":"https:\/\/tveventos.tv.br\/index.php?rest_route=\/wp\/v2\/posts"}],"about":[{"href":"https:\/\/tveventos.tv.br\/index.php?rest_route=\/wp\/v2\/types\/post"}],"author":[{"embeddable":true,"href":"https:\/\/tveventos.tv.br\/index.php?rest_route=\/wp\/v2\/users\/2"}],"replies":[{"embeddable":true,"href":"https:\/\/tveventos.tv.br\/index.php?rest_route=%2Fwp%2Fv2%2Fcomments&post=3875"}],"version-history":[{"count":1,"href":"https:\/\/tveventos.tv.br\/index.php?rest_route=\/wp\/v2\/posts\/3875\/revisions"}],"predecessor-version":[{"id":3877,"href":"https:\/\/tveventos.tv.br\/index.php?rest_route=\/wp\/v2\/posts\/3875\/revisions\/3877"}],"wp:featuredmedia":[{"embeddable":true,"href":"https:\/\/tveventos.tv.br\/index.php?rest_route=\/wp\/v2\/media\/3876"}],"wp:attachment":[{"href":"https:\/\/tveventos.tv.br\/index.php?rest_route=%2Fwp%2Fv2%2Fmedia&parent=3875"}],"wp:term":[{"taxonomy":"category","embeddable":true,"href":"https:\/\/tveventos.tv.br\/index.php?rest_route=%2Fwp%2Fv2%2Fcategories&post=3875"},{"taxonomy":"post_tag","embeddable":true,"href":"https:\/\/tveventos.tv.br\/index.php?rest_route=%2Fwp%2Fv2%2Ftags&post=3875"}],"curies":[{"name":"wp","href":"https:\/\/api.w.org\/{rel}","templated":true}]}}