{"id":3878,"date":"2024-11-05T11:40:03","date_gmt":"2024-11-05T14:40:03","guid":{"rendered":"https:\/\/tveventos.tv.br\/?p=3878"},"modified":"2024-11-05T11:40:07","modified_gmt":"2024-11-05T14:40:07","slug":"tratamento-assistido-por-animais-tem-destaque-na-programacao-da-19a-reatech-expo-brasil-paralimpico","status":"publish","type":"post","link":"https:\/\/tveventos.tv.br\/?p=3878","title":{"rendered":"Tratamento Assistido por Animais tem destaque na programa\u00e7\u00e3o da 19\u00aa Reatech + Expo Brasil Paral\u00edmpico"},"content":{"rendered":"\n<p class=\"has-text-align-center\"><em>Evento a ser realizado de 20 a 23 de novembro, em S\u00e3o Paulo, ter\u00e1 cursos, workshop e congresso, abordando tratamentos como equoterapia e reptilterapia.<\/em><\/p>\n\n\n\n<p>Dispor da companhia e da intera\u00e7\u00e3o de animais, inclusive os ex\u00f3ticos, para melhorar a sa\u00fade emocional, f\u00edsica e social de pessoas \u00e9 um tratamento que vem se consolidando cada vez mais no Brasil. Al\u00e9m dos j\u00e1 bem conhecidos c\u00e3es, gatos e cavalos (equoterapia), a reptilterapia tamb\u00e9m \u00e9 utilizada. Nela participam cobras, jacar\u00e9s, sapos, lagartos tei\u00fa, al\u00e9m de outros animais ex\u00f3ticos como barata-de-madag\u00e1scar.<\/p>\n\n\n\n<p>O Tratamento Assistido por Animais ser\u00e1 um dos temas com ampla e profunda abordagem presente na&nbsp;<strong>19\u00aa edi\u00e7\u00e3o da Reatech + Expo Brasil Paral\u00edmpico<\/strong>, um dos eventos mais importantes na Am\u00e9rica Latina dedicados \u00e0 promo\u00e7\u00e3o da acessibilidade e da qualidade de vida das pessoas com defici\u00eancia. A feira vai acontecer do dia 20 a 23 de novembro de 2024 no S\u00e3o Paulo Expo, na capital paulista.<\/p>\n\n\n\n<p>A programa\u00e7\u00e3o da Reatech est\u00e1 repleta de atividades sobre o assunto. No dia 22 de novembro, a partir das 13h, haver\u00e1 o \u201cCurso Pet | Terapia Assistida por Animais\u201d, com atividades pr\u00e1ticas e te\u00f3ricas (a programa\u00e7\u00e3o completa pode ser acessada&nbsp;<a href=\"https:\/\/reatechbrasil.com.br\/16\/curso-pet\/\">AQUI<\/a>). No dia 23, come\u00e7ando \u00e0s 10h, acontece o \u201cWorkshop de Aprimoramento T\u00e9cnico em Equoterapia\u201d, destinado a profissionais das \u00e1reas de sa\u00fade ou educa\u00e7\u00e3o, com n\u00edvel superior, acad\u00eamicos e interessados em conhecer a terapia (programa\u00e7\u00e3o completa&nbsp;<a href=\"https:\/\/reatechbrasil.com.br\/16\/workshop-equoterapia\/\">AQUI<\/a>).&nbsp;<\/p>\n\n\n\n<p>A terapia ocupacional \u00e9 outro tema abordado na Feira. Nos dias 22 e 23, a partir das 10h30, acontece o Tecfisio | TO \u2013 Semin\u00e1rio de Tecnologias Avan\u00e7adas em Fisioterapia e Terapia Ocupacional, que vai discutir temas como \u00f3rtese 3D, sexualidade, reabilita\u00e7\u00e3o com realidade virtual, relatos de experi\u00eancia em doen\u00e7a de Parkinson, bem como a tem\u00e1tica das Olimp\u00edadas e Paralimp\u00edadas deste ano. Acesse a programa\u00e7\u00e3o&nbsp;<a href=\"https:\/\/reatechbrasil.com.br\/16\/tecfisio\/\">AQUI<\/a>.<\/p>\n\n\n\n<p><strong>Tratamento Assistido por Animais<\/strong><\/p>\n\n\n\n<p>O Curso Pet \u2013 SAA (Servi\u00e7os Assistidos por Animais) \u00e9 um dos mais procurados da Feira, tendo como um dos t\u00f3picos o TEA (Transtorno do Espectro Autista) e a atua\u00e7\u00e3o do psic\u00f3logo no TAA (Tratamento Assistido por Animais), conduzido pela psic\u00f3loga Aline Prier de Saone e pela Equipe Gati Equoterapia (Grupo de Abordagem Terap\u00eautica e Integrada), \u00e0s 14h, no dia 22 de novembro.<\/p>\n\n\n\n<p>Liana Santos, diretora do Gati, explica que houve uma mudan\u00e7a na nomenclatura implementada pela IAHAIO (<em>International Association of Human-Animal Interaction Organizations<\/em>), a associa\u00e7\u00e3o internacional de organiza\u00e7\u00f5es que promovem a intera\u00e7\u00e3o entre humanos e animais. A Terapia Assistida por Animais passou a se chamar Tratamento Assistido por Animais, por quest\u00f5es de padroniza\u00e7\u00e3o usada no mundo todo.<\/p>\n\n\n\n<p>A diretora do Gati lembra que pacientes com TEA procuram bastante por tratamentos com animais. No caso do Curso Pet, os r\u00e9pteis ser\u00e3o as estrelas. \u201cS\u00e3o serpentes, jacar\u00e9s, tei\u00fas, sapos, bicho-palva (inseto cuja apar\u00eancia imita vegeta\u00e7\u00e3o), uma s\u00e9rie de animais ex\u00f3ticos. Particularmente a r\u00e9ptil terapia \u00e9 bastante recomendada e a fonoaudi\u00f3loga Andr\u00e9a Ribeiro \u00e9 quem a pratica no Brasil. Ela usa o movimento cont\u00ednuo da serpente para fazer uma estimula\u00e7\u00e3o no contato com alguns m\u00fasculos de uma crian\u00e7a, por exemplo, proporcionando grandes ganhos motores e terap\u00eauticos\u201d.&nbsp;<\/p>\n\n\n\n<p>A fonoaudi\u00f3loga mencionada por Liana far\u00e1 a palestra \u201cReptilterapia \u2013 Animais diferenciados\u201d, \u00e0s 15h. Outros t\u00f3picos do curso ser\u00e3o o \u201cPatas Therapeutas e IAA \u2013 experi\u00eancias asilos e hospitais, apresentada pela psicanalista Silvana Fedeli Prado, \u00e0s 16h, e o \u201cServi\u00e7os Assistidos por animais e as possibilidades de trabalho na \u00e1rea da Educa\u00e7\u00e3o\u201d, ministrado pela psicopedagoga Leticia Cassonato, \u00e0s 17h.&nbsp;<\/p>\n\n\n\n<p><strong>Equoterapia<\/strong><\/p>\n\n\n\n<p>Liana Santos \u00e9 ainda uma das principais especialistas em equoterapia do pa\u00eds e uma das pioneiras na coordenadoria e curadoria sobre o assunto na Reatech. De acordo com ela, os avan\u00e7os da equoterapia no Brasil s\u00e3o imensos.&nbsp;<\/p>\n\n\n\n<p>\u201cO grande avan\u00e7o \u00e9 que a equoterapia virou uma lei, um m\u00e9todo terap\u00eautico reconhecido dentro do Conselho Federal de Medicina e reconhecido pelo Crefito, que \u00e9 o Conselho de Fisioterapia e Terapia Ocupacional\u201d, afirmou. A lei 13.830, que disp\u00f5e sobre a pr\u00e1tica da equoterapia, foi sancionada em maio de 2019.<\/p>\n\n\n\n<p>Liana ressalta que a equoterapia no Brasil \u00e9 uma \u201cpot\u00eancia\u201d. \u201cS\u00e3o 480 centros espalhados pelo Brasil. Todos capacitados, todos funcionando de acordo com a lei. O que a gente quer agora \u00e9 que a equoterapia seja reconhecida pelo SUS (Sistema \u00danico de Sa\u00fade) e pelos planos de sa\u00fade. Pelo SUS vai demorar mais, mas pelos planos de sa\u00fade \u00e9 uma quest\u00e3o de pouco tempo\u201d, avalia.<\/p>\n\n\n\n<p>A pr\u00f3pria Liana ser\u00e1 uma das palestrantes no Workshop Equoterapia, ela vai abordar o tema \u201cAs possibilidades de figura de picadeiro e de jogos equestres \u2013 TEA\u201d. Outros temas como \u201cPol\u00edticas p\u00fablicas \u2013 atendimentos gratuitos de equoterapia \u2013 S\u00e3o Paulo\u201d, apresentado por Eliane Baastch, psicopedagoga e instrutora de equita\u00e7\u00e3o, e \u201cAtualidades do esporte ap\u00f3s as paralimp\u00edadas \u2013 Modalidades\u201d, por Claudiane Pasquali, diretora da Modalidade Paraequestre da Confedera\u00e7\u00e3o Brasileira de Hipismo, fazem parte da programa\u00e7\u00e3o. Claudiane trar\u00e1 ainda informa\u00e7\u00f5es de bastidores sobre a sua participa\u00e7\u00e3o na paralimp\u00edadas de Paris.<\/p>\n\n\n\n<p><strong>Medicina f\u00edsica e reabilita\u00e7\u00e3o<\/strong><\/p>\n\n\n\n<p>Ainda na programa\u00e7\u00e3o da Reatech ser\u00e1 poss\u00edvel participar do Reamed (Congresso de Medicina F\u00edsica e Reabilita\u00e7\u00e3o), realizado nos dias 20 e 21 de novembro, \u00e0 tarde. Trata-se do conceito de combinar a medicina tradicional com terapias complementares melhorando a qualidade de vida e a socializa\u00e7\u00e3o do indiv\u00edduo.<\/p>\n\n\n\n<p>Edgard Morya, gerente do Instituto Internacional de Neuroci\u00eancias Edmond e Lily Safra, e um dos palestrantes do Congresso, informa que os profissionais envolvidos na reabilita\u00e7\u00e3o e treinamento de pessoas com defici\u00eancia (fisioterapia, educa\u00e7\u00e3o f\u00edsica, terapia ocupacional, medicina, bioengenharia) t\u00eam grandes oportunidades para ampliar as possibilidades de atua\u00e7\u00e3o com tecnologias assistivas, processos inovadores, e pol\u00edticas p\u00fablicas.<\/p>\n\n\n\n<p>\u201cNesses dois dias de curso mostraremos as etapas para os profissionais contribu\u00edrem com o desenvolvimento de tecnologias, processos e pol\u00edticas p\u00fablicas. Estas etapas envolvem desde a integra\u00e7\u00e3o da equipe interdisciplinar, identifica\u00e7\u00e3o de oportunidades de acordo com a defici\u00eancia, desenvolvimento de processos e tecnologias, capacita\u00e7\u00e3o de profissionais de sa\u00fade, desenvolvimento de projetos e pol\u00edticas p\u00fablicas\u201d, ressaltou.&nbsp;<\/p>\n\n\n\n<p><strong>Servi\u00e7o:<\/strong><\/p>\n\n\n\n<p><strong>Reatech Brasil 2024 \u2013 Feira Internacional de Inclus\u00e3o, Acessibilidade e Reabilita\u00e7\u00e3o<\/strong><\/p>\n\n\n\n<p>Data: 20 a 23 de novembro<\/p>\n\n\n\n<p>Hor\u00e1rio: das 10h \u00e0s 19h&nbsp;<\/p>\n\n\n\n<p>Local: S\u00e3o Paulo Expo<\/p>\n\n\n\n<p>Endere\u00e7o: Rodovia dos Imigrantes, 1,5 km \u2013 Vila \u00c1gua Funda, S\u00e3o Paulo \u2013 SP<\/p>\n\n\n\n<p>Mais informa\u00e7\u00f5es&nbsp;<a href=\"https:\/\/reatechbrasil.com.br\/16\/\">neste link<\/a>.<\/p>\n\n\n\n<p>Fotos da edi\u00e7\u00e3o de 2023&nbsp;acesse&nbsp;<a href=\"https:\/\/reatechbrasil.com.br\/16\/galeria-2023\/\">aqui<\/a><\/p>\n\n\n\n<p><strong>Sobre a Fiera Milano Brasil<\/strong><\/p>\n\n\n\n<p>A Fiera Milano Brasil \u00e9 a filial brasileira da Fiera Milano, um dos maiores players de feiras e congressos do mundo que a cada ano atraem aproximadamente 30 mil expositores e mais de cinco milh\u00f5es de visitantes. No Brasil, s\u00e3o realizadas dez feiras que representam os mais diversos segmentos da economia, como seguran\u00e7a, energias limpas e renov\u00e1veis, tubos e conex\u00f5es, cabos, sa\u00fade no trabalho, tecnologias em reabilita\u00e7\u00e3o, inclus\u00e3o e acessibilidade, entre outras. Entre as principais marcas do portf\u00f3lio est\u00e3o Exposec, FISP, Fire Show, Congresso Ecoenergy, Tubotech,&nbsp; wire Brasil, Fruit&nbsp; Attraction S\u00e3o Paulo, em parceria com IFEMA Madrid, Reatech + Expo Brasil Paral\u00edmpico, em parceria com o Comit\u00ea Paral\u00edmpico Brasileiro (CPB), Esquadria Show, em parceria com N\u00fcrnbergMesse Brasil, TranspoQuip e ExpoParking em parceria com a BMComm.&nbsp;<strong>Mais informa\u00e7\u00f5es<\/strong>:&nbsp;<a href=\"http:\/\/www.fieramilanobrasil.com.br\/\">www.fieramilanobrasil.com.br<\/a>.<\/p>\n","protected":false},"excerpt":{"rendered":"<p>Evento a ser realizado de 20 a 23 de novembro, em S\u00e3o Paulo, ter\u00e1 cursos, workshop e congresso, abordando tratamentos como equoterapia e reptilterapia. Dispor da companhia e da intera\u00e7\u00e3o de animais, inclusive os ex\u00f3ticos, para melhorar a sa\u00fade emocional, f\u00edsica e social de pessoas \u00e9 um tratamento que vem se consolidando cada vez mais [&hellip;]<\/p>\n","protected":false},"author":2,"featured_media":3879,"comment_status":"open","ping_status":"open","sticky":false,"template":"","format":"standard","meta":{"footnotes":""},"categories":[23],"tags":[],"class_list":{"0":"post-3878","1":"post","2":"type-post","3":"status-publish","4":"format-standard","5":"has-post-thumbnail","7":"category-feirasdenegocios"},"_links":{"self":[{"href":"https:\/\/tveventos.tv.br\/index.php?rest_route=\/wp\/v2\/posts\/3878","targetHints":{"allow":["GET"]}}],"collection":[{"href":"https:\/\/tveventos.tv.br\/index.php?rest_route=\/wp\/v2\/posts"}],"about":[{"href":"https:\/\/tveventos.tv.br\/index.php?rest_route=\/wp\/v2\/types\/post"}],"author":[{"embeddable":true,"href":"https:\/\/tveventos.tv.br\/index.php?rest_route=\/wp\/v2\/users\/2"}],"replies":[{"embeddable":true,"href":"https:\/\/tveventos.tv.br\/index.php?rest_route=%2Fwp%2Fv2%2Fcomments&post=3878"}],"version-history":[{"count":1,"href":"https:\/\/tveventos.tv.br\/index.php?rest_route=\/wp\/v2\/posts\/3878\/revisions"}],"predecessor-version":[{"id":3880,"href":"https:\/\/tveventos.tv.br\/index.php?rest_route=\/wp\/v2\/posts\/3878\/revisions\/3880"}],"wp:featuredmedia":[{"embeddable":true,"href":"https:\/\/tveventos.tv.br\/index.php?rest_route=\/wp\/v2\/media\/3879"}],"wp:attachment":[{"href":"https:\/\/tveventos.tv.br\/index.php?rest_route=%2Fwp%2Fv2%2Fmedia&parent=3878"}],"wp:term":[{"taxonomy":"category","embeddable":true,"href":"https:\/\/tveventos.tv.br\/index.php?rest_route=%2Fwp%2Fv2%2Fcategories&post=3878"},{"taxonomy":"post_tag","embeddable":true,"href":"https:\/\/tveventos.tv.br\/index.php?rest_route=%2Fwp%2Fv2%2Ftags&post=3878"}],"curies":[{"name":"wp","href":"https:\/\/api.w.org\/{rel}","templated":true}]}}