{"id":388,"date":"2023-10-09T13:55:25","date_gmt":"2023-10-09T16:55:25","guid":{"rendered":"https:\/\/tveventos.tv.br\/?p=388"},"modified":"2023-10-09T13:55:31","modified_gmt":"2023-10-09T16:55:31","slug":"30a-congresso-e-mostra-internacionais-de-mobilidade-sae-brasil","status":"publish","type":"post","link":"https:\/\/tveventos.tv.br\/?p=388","title":{"rendered":"30\u00aa Congresso e Mostra Internacionais de Mobilidade SAE BRASIL"},"content":{"rendered":"\n<p>Com a expectativa de receber mais de 3 mil visitantes nos dois dias de evento, o Congresso SAE BRASIL tem como tem\u00e1tica \u201c<strong>Movidos pela Inova\u00e7\u00e3o: Somos a pr\u00f3xima gera\u00e7\u00e3o da mobilidade<\/strong>\u201d e trar\u00e1 discuss\u00f5es importantes e pertinentes para os setores automobil\u00edstico, aeron\u00e1utico, do agroneg\u00f3cio, aquavi\u00e1rio, da educa\u00e7\u00e3o, ferrovi\u00e1rio, entre outros.&nbsp;&nbsp;&nbsp;<\/p>\n\n\n\n<p>A atual edi\u00e7\u00e3o conta com o&nbsp;<strong>CEO da Embraer<\/strong>, Francisco Gomes Neto, como Presidente do Congresso. \u201c\u00c9 uma imensa satisfa\u00e7\u00e3o poder colaborar com este evento que re\u00fane empresas de diferentes modais de transporte focadas em compartilhar inova\u00e7\u00f5es e tend\u00eancias da nova era da mobilidade sustent\u00e1vel. Neste ano de celebra\u00e7\u00e3o dos 150 anos do nascimento de Alberto Santos Dumont, o ambiente inspirador do Congresso SAE Brasil nos faz termos ainda mais orgulho das inven\u00e7\u00f5es que entraram para a hist\u00f3ria e nos estimula a refletir sobre as transforma\u00e7\u00f5es necess\u00e1rias para o futuro da sociedade&#8221;, explica.&nbsp;<\/p>\n\n\n\n<p>O evento contar\u00e1 que diversas atra\u00e7\u00f5es, como o&nbsp;<strong>prot\u00f3tipo de avi\u00e3o el\u00e9trico da Embraer<\/strong>, utilizado como plataforma de testes de novas tecnologias de propuls\u00e3o aeron\u00e1utica. Ser\u00e1 a primeira vez que o prot\u00f3tipo ser\u00e1 exposto ao p\u00fablico.&nbsp;<\/p>\n\n\n\n<p>O programa oficial do Congresso, com todos os pain\u00e9is e discuss\u00f5es pode ser acessado no link:\u00a0<a rel=\"noreferrer noopener\" href=\"https:\/\/saebrasil.org.br\/congresso\/programa-oficial\/\" target=\"_blank\">https:\/\/saebrasil.org.br\/congresso\/programa-oficial\/<\/a>.\u00a0\u00a0<\/p>\n\n\n\n<p><strong>Servi\u00e7o<\/strong>&nbsp;&nbsp;<\/p>\n\n\n\n<p><strong>Congresso SAE BRASIL<\/strong>&nbsp;<strong>2023<\/strong>&nbsp;<\/p>\n\n\n\n<p><strong><em>Data:<\/em><\/strong>&nbsp;10 e 11 de outubro&nbsp;<\/p>\n\n\n\n<p><strong><em>Hor\u00e1rio:<\/em><\/strong>&nbsp;Das 8h30 \u00e0s 19h&nbsp;&nbsp;<\/p>\n\n\n\n<p><strong><em>Local:<\/em><\/strong>&nbsp;PRO MAGNO &#8211; Centro de eventos&nbsp;<\/p>\n\n\n\n<p><strong><em>Endere\u00e7o:&nbsp;<\/em><\/strong>Av. Profa. Ida Kolb, 513 \u2013 Jardim das Laranjeiras&nbsp;<\/p>\n\n\n\n<p><strong>Sobre a SAE BRASIL<\/strong>&nbsp;&nbsp;<\/p>\n\n\n\n<p>A SAE BRASIL \u00e9 uma associa\u00e7\u00e3o de pessoas f\u00edsicas, sem fins lucrativos, que tem como prop\u00f3sito ser \u201cA Casa do Conhecimento da Mobilidade Brasileira\u201d. Participam da entidade profissionais de variadas \u00e1reas, unidos pela miss\u00e3o de criar e de disseminar conhecimento, visando desenvolver tecnologia e inova\u00e7\u00e3o no ecossistema da mobilidade.&nbsp;&nbsp;&nbsp;<\/p>\n\n\n\n<p>Fundada no Brasil em 1991 por executivos dos segmentos automotivo e aeroespacial conscientes da necessidade de se abrir as fronteiras do conhecimento da mobilidade e da integra\u00e7\u00e3o do Pa\u00eds ao processo de globaliza\u00e7\u00e3o da economia, a SAE BRASIL \u00e9 refer\u00eancia nacional para a integra\u00e7\u00e3o da ind\u00fastria, academia, 3\u00ba setor e dos \u00f3rg\u00e3os t\u00e9cnicos do governo. Conta com 6 mil associados e 09 se\u00e7\u00f5es regionais distribu\u00eddas desde o Nordeste at\u00e9 o extremo Sul do Brasil, constituindo-se hoje em uma das mais relevantes institui\u00e7\u00f5es do setor da mobilidade brasileira.&nbsp;&nbsp;&nbsp;<\/p>\n\n\n\n<p>A SAE BRASIL \u00e9 filiada \u00e0 SAE International, fundada em 1905, nos EUA, por l\u00edderes de grande vis\u00e3o da ind\u00fastria automotiva e da ent\u00e3o nascente ind\u00fastria aeron\u00e1utica, entre os quais se destacam Henry Ford, Orville Wright e Thomas Edison. Ao longo de mais de um s\u00e9culo de exist\u00eancia tornou-se em uma das principais fontes de normas, padr\u00f5es e conhecimento relativos aos setores automotivo e aeroespacial em todo o mundo, com mais de 35 mil normas geradas e mais de 138 mil s\u00f3cios em cerca de 100 pa\u00edses.&nbsp;&nbsp;<\/p>\n","protected":false},"excerpt":{"rendered":"<p>Com a expectativa de receber mais de 3 mil visitantes nos dois dias de evento, o Congresso SAE BRASIL tem como tem\u00e1tica \u201cMovidos pela Inova\u00e7\u00e3o: Somos a pr\u00f3xima gera\u00e7\u00e3o da mobilidade\u201d e trar\u00e1 discuss\u00f5es importantes e pertinentes para os setores automobil\u00edstico, aeron\u00e1utico, do agroneg\u00f3cio, aquavi\u00e1rio, da educa\u00e7\u00e3o, ferrovi\u00e1rio, entre outros.&nbsp;&nbsp;&nbsp; A atual edi\u00e7\u00e3o conta com [&hellip;]<\/p>\n","protected":false},"author":2,"featured_media":389,"comment_status":"open","ping_status":"open","sticky":false,"template":"","format":"standard","meta":{"footnotes":""},"categories":[1],"tags":[],"class_list":{"0":"post-388","1":"post","2":"type-post","3":"status-publish","4":"format-standard","5":"has-post-thumbnail","7":"category-workshopsepalestras"},"_links":{"self":[{"href":"https:\/\/tveventos.tv.br\/index.php?rest_route=\/wp\/v2\/posts\/388","targetHints":{"allow":["GET"]}}],"collection":[{"href":"https:\/\/tveventos.tv.br\/index.php?rest_route=\/wp\/v2\/posts"}],"about":[{"href":"https:\/\/tveventos.tv.br\/index.php?rest_route=\/wp\/v2\/types\/post"}],"author":[{"embeddable":true,"href":"https:\/\/tveventos.tv.br\/index.php?rest_route=\/wp\/v2\/users\/2"}],"replies":[{"embeddable":true,"href":"https:\/\/tveventos.tv.br\/index.php?rest_route=%2Fwp%2Fv2%2Fcomments&post=388"}],"version-history":[{"count":1,"href":"https:\/\/tveventos.tv.br\/index.php?rest_route=\/wp\/v2\/posts\/388\/revisions"}],"predecessor-version":[{"id":390,"href":"https:\/\/tveventos.tv.br\/index.php?rest_route=\/wp\/v2\/posts\/388\/revisions\/390"}],"wp:featuredmedia":[{"embeddable":true,"href":"https:\/\/tveventos.tv.br\/index.php?rest_route=\/wp\/v2\/media\/389"}],"wp:attachment":[{"href":"https:\/\/tveventos.tv.br\/index.php?rest_route=%2Fwp%2Fv2%2Fmedia&parent=388"}],"wp:term":[{"taxonomy":"category","embeddable":true,"href":"https:\/\/tveventos.tv.br\/index.php?rest_route=%2Fwp%2Fv2%2Fcategories&post=388"},{"taxonomy":"post_tag","embeddable":true,"href":"https:\/\/tveventos.tv.br\/index.php?rest_route=%2Fwp%2Fv2%2Ftags&post=388"}],"curies":[{"name":"wp","href":"https:\/\/api.w.org\/{rel}","templated":true}]}}