{"id":3890,"date":"2024-11-05T17:10:40","date_gmt":"2024-11-05T20:10:40","guid":{"rendered":"https:\/\/tveventos.tv.br\/?p=3890"},"modified":"2024-11-05T17:10:42","modified_gmt":"2024-11-05T20:10:42","slug":"reatech","status":"publish","type":"post","link":"https:\/\/tveventos.tv.br\/?p=3890","title":{"rendered":"Reatech"},"content":{"rendered":"\n<p>A Reatech \u2013 Feira Internacional de Inclus\u00e3o, Acessibilidade e Reabilita\u00e7\u00e3o, \u00e9 considerada a principal feira do setor na Am\u00e9rica Latina. A cada edi\u00e7\u00e3o, re\u00fane as principais marcas expositoras dos segmentos de ag\u00eancias de emprego voltadas para pessoas com defici\u00eancia e mobilidade reduzida, institui\u00e7\u00f5es financeiras, fabricantes de cadeiras de rodas, departamentos de recursos humanos, ind\u00fastrias farmac\u00eauticas, ind\u00fastrias dos segmentos de animais treinados, ve\u00edculos adaptados, fabricantes de aparelhos auditivos, equipamentos especiais, materiais hospitalares, higiene pessoal, pr\u00f3teses e \u00f3rteses, terapias alternativas, turismo, lazer, tecnologias em reabilita\u00e7\u00e3o e muito mais.<\/p>\n\n\n\n<p>Junte-se a n\u00f3s nos dias 20 a 23 de novembro, das 10h \u00e0s 19h, no S\u00e3o Paulo Expo.<\/p>\n\n\n\n<p>Endere\u00e7o: Rod. dos Imigrantes 5, S\/N, km. 1, S\u00e3o Paulo, SP, 04329-900<\/p>\n","protected":false},"excerpt":{"rendered":"<p>A Reatech \u2013 Feira Internacional de Inclus\u00e3o, Acessibilidade e Reabilita\u00e7\u00e3o, \u00e9 considerada a principal feira do setor na Am\u00e9rica Latina. A cada edi\u00e7\u00e3o, re\u00fane as principais marcas expositoras dos segmentos de ag\u00eancias de emprego voltadas para pessoas com defici\u00eancia e mobilidade reduzida, institui\u00e7\u00f5es financeiras, fabricantes de cadeiras de rodas, departamentos de recursos humanos, ind\u00fastrias farmac\u00eauticas, [&hellip;]<\/p>\n","protected":false},"author":3,"featured_media":3893,"comment_status":"open","ping_status":"open","sticky":false,"template":"","format":"standard","meta":{"footnotes":""},"categories":[25],"tags":[],"class_list":{"0":"post-3890","1":"post","2":"type-post","3":"status-publish","4":"format-standard","5":"has-post-thumbnail","7":"category-calendariodeeventos"},"_links":{"self":[{"href":"https:\/\/tveventos.tv.br\/index.php?rest_route=\/wp\/v2\/posts\/3890","targetHints":{"allow":["GET"]}}],"collection":[{"href":"https:\/\/tveventos.tv.br\/index.php?rest_route=\/wp\/v2\/posts"}],"about":[{"href":"https:\/\/tveventos.tv.br\/index.php?rest_route=\/wp\/v2\/types\/post"}],"author":[{"embeddable":true,"href":"https:\/\/tveventos.tv.br\/index.php?rest_route=\/wp\/v2\/users\/3"}],"replies":[{"embeddable":true,"href":"https:\/\/tveventos.tv.br\/index.php?rest_route=%2Fwp%2Fv2%2Fcomments&post=3890"}],"version-history":[{"count":1,"href":"https:\/\/tveventos.tv.br\/index.php?rest_route=\/wp\/v2\/posts\/3890\/revisions"}],"predecessor-version":[{"id":3894,"href":"https:\/\/tveventos.tv.br\/index.php?rest_route=\/wp\/v2\/posts\/3890\/revisions\/3894"}],"wp:featuredmedia":[{"embeddable":true,"href":"https:\/\/tveventos.tv.br\/index.php?rest_route=\/wp\/v2\/media\/3893"}],"wp:attachment":[{"href":"https:\/\/tveventos.tv.br\/index.php?rest_route=%2Fwp%2Fv2%2Fmedia&parent=3890"}],"wp:term":[{"taxonomy":"category","embeddable":true,"href":"https:\/\/tveventos.tv.br\/index.php?rest_route=%2Fwp%2Fv2%2Fcategories&post=3890"},{"taxonomy":"post_tag","embeddable":true,"href":"https:\/\/tveventos.tv.br\/index.php?rest_route=%2Fwp%2Fv2%2Ftags&post=3890"}],"curies":[{"name":"wp","href":"https:\/\/api.w.org\/{rel}","templated":true}]}}