{"id":3895,"date":"2024-11-05T17:18:20","date_gmt":"2024-11-05T20:18:20","guid":{"rendered":"https:\/\/tveventos.tv.br\/?p=3895"},"modified":"2024-11-05T17:18:22","modified_gmt":"2024-11-05T20:18:22","slug":"global-summit","status":"publish","type":"post","link":"https:\/\/tveventos.tv.br\/?p=3895","title":{"rendered":"Global Summit"},"content":{"rendered":"\n<p>O evento Global Summit re\u00fane uma programa\u00e7\u00e3o cient\u00edfica composta por confer\u00eancias e pain\u00e9is, tanto internacionais quanto nacionais, com palestrantes de destaque nos setores de sa\u00fade p\u00fablica, privada e digital. A \u00e1rea de exposi\u00e7\u00e3o oferece oportunidades de neg\u00f3cios, onde os patrocinadores podem interagir diretamente com os participantes. Al\u00e9m disso, o evento destaca o networking como um dos aspectos mais importantes, criando um ambiente prop\u00edcio para a realiza\u00e7\u00e3o de novas conex\u00f5es e neg\u00f3cios.<\/p>\n\n\n\n<p>Junte-se a n\u00f3s nos dias 20 a 22 de novembro, das 10h \u00e0s 19h, no Centro de Conven\u00e7\u00f5es Frei Caneca&nbsp;<\/p>\n\n\n\n<p>Endere\u00e7o: Rua Frei Caneca 569, S\u00e3o Paulo, SP, 01307-001&nbsp;&nbsp;&nbsp;<\/p>\n","protected":false},"excerpt":{"rendered":"<p>O evento Global Summit re\u00fane uma programa\u00e7\u00e3o cient\u00edfica composta por confer\u00eancias e pain\u00e9is, tanto internacionais quanto nacionais, com palestrantes de destaque nos setores de sa\u00fade p\u00fablica, privada e digital. A \u00e1rea de exposi\u00e7\u00e3o oferece oportunidades de neg\u00f3cios, onde os patrocinadores podem interagir diretamente com os participantes. Al\u00e9m disso, o evento destaca o networking como um [&hellip;]<\/p>\n","protected":false},"author":3,"featured_media":3896,"comment_status":"open","ping_status":"open","sticky":false,"template":"","format":"standard","meta":{"footnotes":""},"categories":[25],"tags":[],"class_list":{"0":"post-3895","1":"post","2":"type-post","3":"status-publish","4":"format-standard","5":"has-post-thumbnail","7":"category-calendariodeeventos"},"_links":{"self":[{"href":"https:\/\/tveventos.tv.br\/index.php?rest_route=\/wp\/v2\/posts\/3895","targetHints":{"allow":["GET"]}}],"collection":[{"href":"https:\/\/tveventos.tv.br\/index.php?rest_route=\/wp\/v2\/posts"}],"about":[{"href":"https:\/\/tveventos.tv.br\/index.php?rest_route=\/wp\/v2\/types\/post"}],"author":[{"embeddable":true,"href":"https:\/\/tveventos.tv.br\/index.php?rest_route=\/wp\/v2\/users\/3"}],"replies":[{"embeddable":true,"href":"https:\/\/tveventos.tv.br\/index.php?rest_route=%2Fwp%2Fv2%2Fcomments&post=3895"}],"version-history":[{"count":1,"href":"https:\/\/tveventos.tv.br\/index.php?rest_route=\/wp\/v2\/posts\/3895\/revisions"}],"predecessor-version":[{"id":3897,"href":"https:\/\/tveventos.tv.br\/index.php?rest_route=\/wp\/v2\/posts\/3895\/revisions\/3897"}],"wp:featuredmedia":[{"embeddable":true,"href":"https:\/\/tveventos.tv.br\/index.php?rest_route=\/wp\/v2\/media\/3896"}],"wp:attachment":[{"href":"https:\/\/tveventos.tv.br\/index.php?rest_route=%2Fwp%2Fv2%2Fmedia&parent=3895"}],"wp:term":[{"taxonomy":"category","embeddable":true,"href":"https:\/\/tveventos.tv.br\/index.php?rest_route=%2Fwp%2Fv2%2Fcategories&post=3895"},{"taxonomy":"post_tag","embeddable":true,"href":"https:\/\/tveventos.tv.br\/index.php?rest_route=%2Fwp%2Fv2%2Ftags&post=3895"}],"curies":[{"name":"wp","href":"https:\/\/api.w.org\/{rel}","templated":true}]}}