{"id":3899,"date":"2024-11-06T15:02:49","date_gmt":"2024-11-06T18:02:49","guid":{"rendered":"https:\/\/tveventos.tv.br\/?p=3899"},"modified":"2024-11-06T15:02:51","modified_gmt":"2024-11-06T18:02:51","slug":"maior-conferencia-de-mobilizacao-e-captacao-de-recursos-da-america-latina-acontece-em-junho-de-2025-em-sao-paulo","status":"publish","type":"post","link":"https:\/\/tveventos.tv.br\/?p=3899","title":{"rendered":"Maior confer\u00eancia de mobiliza\u00e7\u00e3o e capta\u00e7\u00e3o de recursos da Am\u00e9rica Latina acontece em junho de 2025 em S\u00e3o Paulo"},"content":{"rendered":"\n<p><em>Festival ABCR acontecer\u00e1 nos dias 16 e 17 de junho de 2025 no Centro de Conven\u00e7\u00f5es Frei Caneca e inscri\u00e7\u00f5es est\u00e3o com 30% de desconto<\/em><\/p>\n\n\n\n<p>Nos dias 16 e 17 de junho de 2025, o Centro de Conven\u00e7\u00f5es Frei Caneca, em S\u00e3o Paulo (SP), ser\u00e1 palco da 17\u00aa edi\u00e7\u00e3o do Festival ABCR, a maior confer\u00eancia de&nbsp;mobiliza\u00e7\u00e3o e capta\u00e7\u00e3o de recursos da Am\u00e9rica Latina,&nbsp;promovido pela Associa\u00e7\u00e3o Brasileira de Captadores de Recursos (ABCR). O lan\u00e7amento oficial do Festival ocorreu nesta segunda-feira (28), por meio de uma live, marcando a contagem regressiva para um evento repleto de novidades e experi\u00eancias imersivas.<\/p>\n\n\n\n<p>Para esta nova edi\u00e7\u00e3o, o Festival ABCR passou por algumas atualiza\u00e7\u00f5es e contar\u00e1 com palestrantes internacionais e com um espa\u00e7o ainda maior no Centro de Conven\u00e7\u00f5es. A data, estrategicamente antecipada, facilita a participa\u00e7\u00e3o ao evitar concorr\u00eancia com o per\u00edodo de f\u00e9rias escolares e estar pr\u00f3xima ao feriado de&nbsp;<em>Corpus Christi<\/em>. A expectativa \u00e9 que mais de 1.200 pessoas, representando organiza\u00e7\u00f5es da sociedade civil (OSC), participem para compartilhar experi\u00eancias e fortalecer o setor.<\/p>\n\n\n\n<p>\u201cQueremos cada vez mais fortalecer o Festival ABCR, combinando conhecimento, relacionamento, ativismo e inspira\u00e7\u00e3o. \u00c9 uma oportunidade de aprender, compartilhar e renovar as ideias para captar mais recursos e fortalecer sua organiza\u00e7\u00e3o ou projeto social\u201d, afirma Fernando Nogueira, diretor-executivo da ABCR.&nbsp;<\/p>\n\n\n\n<p><strong>Conte\u00fado e eixos tem\u00e1ticos<\/strong><\/p>\n\n\n\n<p>O Festival ABCR trar\u00e1 cinco eixos tem\u00e1ticos para a capta\u00e7\u00e3o de recursos e o fortalecimento institucional das OSCs. S\u00e3o eles: gest\u00e3o e capta\u00e7\u00e3o de recursos, o papel do captador, inova\u00e7\u00e3o e redes de capta\u00e7\u00e3o, comunica\u00e7\u00e3o e engajamento, e ferramentas e fontes de financiamento. As atividades ser\u00e3o divididas em sess\u00f5es paralelas, distribu\u00eddas entre salas simult\u00e2neas e plen\u00e1rias, criando m\u00faltiplas oportunidades de aprendizado e intera\u00e7\u00e3o. Os participantes tamb\u00e9m poder\u00e3o usufruir de mesas de mentoria exclusivas e visitar uma feira de exposi\u00e7\u00f5es com as principais empresas de servi\u00e7os para o setor.<\/p>\n\n\n\n<p><strong>Inscri\u00e7\u00f5es est\u00e3o com descontos de 30%&nbsp;<\/strong><\/p>\n\n\n\n<p>As inscri\u00e7\u00f5es para o Festival ABCR 2025 j\u00e1 est\u00e3o abertas e, at\u00e9 o dia 7 de fevereiro, os interessados podem garantir 30% de desconto. Associados da ABCR, por sua vez, contam com um desconto adicional de 20% sobre o valor do lote vigente. A programa\u00e7\u00e3o completa ser\u00e1 divulgada no in\u00edcio de 2025. Mais informa\u00e7\u00f5es sobre o evento, patroc\u00ednios e inscri\u00e7\u00f5es podem ser consultadas pelo link&nbsp;<a href=\"http:\/\/www.festivalabcr.org.br\/\" target=\"_blank\" rel=\"noreferrer noopener\">www.festivalabcr.org.br<\/a>.<\/p>\n\n\n\n<p><strong>Servi\u00e7o:<\/strong><\/p>\n\n\n\n<p><strong>Evento:<\/strong>&nbsp;Festival ABCR 2025<\/p>\n\n\n\n<p><strong>Data:<\/strong>&nbsp;16 e 17 de junho de 2025<\/p>\n\n\n\n<p><strong>Local:<\/strong>&nbsp;Centro de Conven\u00e7\u00f5es Frei Caneca, S\u00e3o Paulo (SP)<\/p>\n\n\n\n<p><strong>Informa\u00e7\u00f5es e Inscri\u00e7\u00f5es:<\/strong><a href=\"http:\/\/www.festivalabcr.org.br\/\" target=\"_blank\" rel=\"noreferrer noopener\">&nbsp;www.festivalabcr.org.br<\/a><\/p>\n\n\n\n<p><strong>Sobre a ABCR<\/strong><\/p>\n\n\n\n<p>A ABCR (Associa\u00e7\u00e3o Brasileira de Captadores de Recursos) (<a href=\"https:\/\/captadores.org.br\/\" target=\"_blank\" rel=\"noreferrer noopener\">https:\/\/captadores.org.br<\/a>) re\u00fane e representa os profissionais de capta\u00e7\u00e3o, mobiliza\u00e7\u00e3o de recursos e desenvolvimento institucional, que atuam para as organiza\u00e7\u00f5es da sociedade civil no Brasil. Lidera campanhas, eventos e uma s\u00e9rie de outras iniciativas de fortalecimento do setor e de apoio a quem atua por uma sociedade mais justa e democr\u00e1tica.<\/p>\n","protected":false},"excerpt":{"rendered":"<p>Festival ABCR acontecer\u00e1 nos dias 16 e 17 de junho de 2025 no Centro de Conven\u00e7\u00f5es Frei Caneca e inscri\u00e7\u00f5es est\u00e3o com 30% de desconto Nos dias 16 e 17 de junho de 2025, o Centro de Conven\u00e7\u00f5es Frei Caneca, em S\u00e3o Paulo (SP), ser\u00e1 palco da 17\u00aa edi\u00e7\u00e3o do Festival ABCR, a maior confer\u00eancia [&hellip;]<\/p>\n","protected":false},"author":2,"featured_media":3900,"comment_status":"open","ping_status":"open","sticky":false,"template":"","format":"standard","meta":{"footnotes":""},"categories":[23],"tags":[],"class_list":{"0":"post-3899","1":"post","2":"type-post","3":"status-publish","4":"format-standard","5":"has-post-thumbnail","7":"category-feirasdenegocios"},"_links":{"self":[{"href":"https:\/\/tveventos.tv.br\/index.php?rest_route=\/wp\/v2\/posts\/3899","targetHints":{"allow":["GET"]}}],"collection":[{"href":"https:\/\/tveventos.tv.br\/index.php?rest_route=\/wp\/v2\/posts"}],"about":[{"href":"https:\/\/tveventos.tv.br\/index.php?rest_route=\/wp\/v2\/types\/post"}],"author":[{"embeddable":true,"href":"https:\/\/tveventos.tv.br\/index.php?rest_route=\/wp\/v2\/users\/2"}],"replies":[{"embeddable":true,"href":"https:\/\/tveventos.tv.br\/index.php?rest_route=%2Fwp%2Fv2%2Fcomments&post=3899"}],"version-history":[{"count":1,"href":"https:\/\/tveventos.tv.br\/index.php?rest_route=\/wp\/v2\/posts\/3899\/revisions"}],"predecessor-version":[{"id":3901,"href":"https:\/\/tveventos.tv.br\/index.php?rest_route=\/wp\/v2\/posts\/3899\/revisions\/3901"}],"wp:featuredmedia":[{"embeddable":true,"href":"https:\/\/tveventos.tv.br\/index.php?rest_route=\/wp\/v2\/media\/3900"}],"wp:attachment":[{"href":"https:\/\/tveventos.tv.br\/index.php?rest_route=%2Fwp%2Fv2%2Fmedia&parent=3899"}],"wp:term":[{"taxonomy":"category","embeddable":true,"href":"https:\/\/tveventos.tv.br\/index.php?rest_route=%2Fwp%2Fv2%2Fcategories&post=3899"},{"taxonomy":"post_tag","embeddable":true,"href":"https:\/\/tveventos.tv.br\/index.php?rest_route=%2Fwp%2Fv2%2Ftags&post=3899"}],"curies":[{"name":"wp","href":"https:\/\/api.w.org\/{rel}","templated":true}]}}