{"id":3902,"date":"2024-11-06T15:19:40","date_gmt":"2024-11-06T18:19:40","guid":{"rendered":"https:\/\/tveventos.tv.br\/?p=3902"},"modified":"2024-11-06T15:19:44","modified_gmt":"2024-11-06T18:19:44","slug":"congresso-abese-2024-abre-inscricoes-gratuitas","status":"publish","type":"post","link":"https:\/\/tveventos.tv.br\/?p=3902","title":{"rendered":"Congresso ABESE 2024 abre inscri\u00e7\u00f5es gratuitas"},"content":{"rendered":"\n<p class=\"has-text-align-center\"><em>Evento reunir\u00e1 autoridades e especialistas em seguran\u00e7a eletr\u00f4nica, intelig\u00eancia artificial e outras tecnologias que v\u00e3o revolucionar o mercado<\/em>.<\/p>\n\n\n\n<p>Est\u00e3o abertas as inscri\u00e7\u00f5es para o&nbsp;<a href=\"https:\/\/www.abese.org.br\/lp\/congresso-abese-2024\" target=\"_blank\" rel=\"noreferrer noopener\">Congresso ABESE 2024<\/a>, o principal evento de seguran\u00e7a eletr\u00f4nica do Brasil, que acontece no dia 28 de novembro, no audit\u00f3rio do Secovi, em S\u00e3o Paulo. Al\u00e9m do debate sobre o impacto da intelig\u00eancia artificial, e a import\u00e2ncia da parceria p\u00fablica, privada e acad\u00eamica para a amplia\u00e7\u00e3o e fortalecimento da seguran\u00e7a, o congresso reunir\u00e1 especialistas do setor para discutir os avan\u00e7os, desafios e oportunidades trazidos pelo novo Estatuto da Seguran\u00e7a Privada, recentemente aprovado, que promete transformar o mercado a partir de 2025.<\/p>\n\n\n\n<p>Segundo Selma Migliori, presidente da ABESE, o evento \u00e9 o ponto alto do ano ap\u00f3s a s\u00e9rie de eventos regionais \u201cConex\u00e3o ABESE\u201d e oferece uma programa\u00e7\u00e3o exclusiva com palestras e debates voltados ao futuro da seguran\u00e7a eletr\u00f4nica e as tecnologias que v\u00e3o revolucionar o mercado. \u201cO Congresso ABESE \u00e9 onde as ideias inovadoras e as novas diretrizes do setor se encontram. Ser\u00e1 um espa\u00e7o para empres\u00e1rios se atualizarem, criarem conex\u00f5es e explorarem parcerias estrat\u00e9gicas que podem transformar suas empresas\u201d, ressalta.<\/p>\n\n\n\n<p>O evento marca o in\u00edcio das comemora\u00e7\u00f5es dos 30 anos da ABESE, trazendo uma s\u00e9rie de discuss\u00f5es atuais para fomentar o mercado. A programa\u00e7\u00e3o inicia com o painel \u201cPotencial das Tecnologias de Seguran\u00e7a em Iniciativas P\u00fablicas\u201d, que conta com a presen\u00e7a de Camila Pisani, da EMTU; Coronel Jos\u00e9 Eduardo Fran\u00e7a, do Ex\u00e9rcito Brasileiro; e F\u00e1bio Galv\u00e3o, da ABERIMEST (Associa\u00e7\u00e3o Brasileira das Empresas e Profissionais de Engenharia das Comunica\u00e7\u00f5es e Infraestrutura). Em seguida, o painel \u201cIA Revolucionando a Seguran\u00e7a Eletr\u00f4nica\u201d explora o impacto da intelig\u00eancia artificial no setor, com Valter Wolf, da ABRIA (Associa\u00e7\u00e3o Brasileira de Intelig\u00eancia Artificial); Marcelo Zuffo, do Centro de Inova\u00e7\u00e3o da USP (INOVA-USP); e H\u00e9lio Santana, fundador da HS Prevent. Encerrando os pain\u00e9is, o tema \u201cNovo Estatuto da Seguran\u00e7a Privada: Desafios e Oportunidades\u201d contar\u00e1 com a participa\u00e7\u00e3o de Selma Migliori, presidente da ABESE e Cristiano Campidelli, da Pol\u00edcia Federal. O encerramento do evento fica por conta de Marc Tawil, renomado palestrante internacional, que promete uma abordagem inspirada sobre neg\u00f3cios e inova\u00e7\u00e3o.<\/p>\n\n\n\n<p><em>O Congresso tem como patrocinadores: Exposec, Fulltime, Getrak, ifaseg, Moninf, PPA. Os patrocinadores locais s\u00e3o Dr. Monitora, Scati, Vetti, Brako e MRA.&nbsp;<\/em><\/p>\n\n\n\n<p><strong>Congresso ABESE 2024<\/strong><\/p>\n\n\n\n<ul class=\"wp-block-list\">\n<li><strong>Data:<\/strong>\u00a028 de novembro de 2024<\/li>\n\n\n\n<li><strong>Local:<\/strong>\u00a0Audit\u00f3rio Secovi, S\u00e3o Paulo &#8211; R. Dr. Bacelar, 1043 &#8211; Vila Clementino, S\u00e3o Paulo\u00a0<\/li>\n\n\n\n<li><strong>Inscri\u00e7\u00f5es:<\/strong>\u00a0Gratuitas no site\u00a0<a href=\"http:\/\/www.abese.org.br\/\" target=\"_blank\" rel=\"noreferrer noopener\">www .abese .org .br<\/a><\/li>\n<\/ul>\n\n\n\n<p><strong>Sobre a ABESE<\/strong><\/p>\n\n\n\n<p>Fundada em 1995 a ABESE \u00e9 uma associa\u00e7\u00e3o empresarial de \u00e2mbito nacional e sem fins lucrativos, representante das empresas de sistemas eletr\u00f4nicos de seguran\u00e7a, que lidam com diversos tipos de tecnologias disruptivas como leitores faciais, rastreadores, videomonitoramento, controles de acesso, o que envolve portarias remotas, dentre outros recursos voltados para a otimiza\u00e7\u00e3o da seguran\u00e7a, promovendo seguran\u00e7a inteligente. Mais informa\u00e7\u00f5es:&nbsp;<a href=\"http:\/\/www.abese.org.br\/\" target=\"_blank\" rel=\"noreferrer noopener\">www.abese.org.br<\/a><\/p>\n","protected":false},"excerpt":{"rendered":"<p>Evento reunir\u00e1 autoridades e especialistas em seguran\u00e7a eletr\u00f4nica, intelig\u00eancia artificial e outras tecnologias que v\u00e3o revolucionar o mercado. Est\u00e3o abertas as inscri\u00e7\u00f5es para o&nbsp;Congresso ABESE 2024, o principal evento de seguran\u00e7a eletr\u00f4nica do Brasil, que acontece no dia 28 de novembro, no audit\u00f3rio do Secovi, em S\u00e3o Paulo. Al\u00e9m do debate sobre o impacto da [&hellip;]<\/p>\n","protected":false},"author":2,"featured_media":3903,"comment_status":"open","ping_status":"open","sticky":false,"template":"","format":"standard","meta":{"footnotes":""},"categories":[23],"tags":[],"class_list":{"0":"post-3902","1":"post","2":"type-post","3":"status-publish","4":"format-standard","5":"has-post-thumbnail","7":"category-feirasdenegocios"},"_links":{"self":[{"href":"https:\/\/tveventos.tv.br\/index.php?rest_route=\/wp\/v2\/posts\/3902","targetHints":{"allow":["GET"]}}],"collection":[{"href":"https:\/\/tveventos.tv.br\/index.php?rest_route=\/wp\/v2\/posts"}],"about":[{"href":"https:\/\/tveventos.tv.br\/index.php?rest_route=\/wp\/v2\/types\/post"}],"author":[{"embeddable":true,"href":"https:\/\/tveventos.tv.br\/index.php?rest_route=\/wp\/v2\/users\/2"}],"replies":[{"embeddable":true,"href":"https:\/\/tveventos.tv.br\/index.php?rest_route=%2Fwp%2Fv2%2Fcomments&post=3902"}],"version-history":[{"count":1,"href":"https:\/\/tveventos.tv.br\/index.php?rest_route=\/wp\/v2\/posts\/3902\/revisions"}],"predecessor-version":[{"id":3904,"href":"https:\/\/tveventos.tv.br\/index.php?rest_route=\/wp\/v2\/posts\/3902\/revisions\/3904"}],"wp:featuredmedia":[{"embeddable":true,"href":"https:\/\/tveventos.tv.br\/index.php?rest_route=\/wp\/v2\/media\/3903"}],"wp:attachment":[{"href":"https:\/\/tveventos.tv.br\/index.php?rest_route=%2Fwp%2Fv2%2Fmedia&parent=3902"}],"wp:term":[{"taxonomy":"category","embeddable":true,"href":"https:\/\/tveventos.tv.br\/index.php?rest_route=%2Fwp%2Fv2%2Fcategories&post=3902"},{"taxonomy":"post_tag","embeddable":true,"href":"https:\/\/tveventos.tv.br\/index.php?rest_route=%2Fwp%2Fv2%2Ftags&post=3902"}],"curies":[{"name":"wp","href":"https:\/\/api.w.org\/{rel}","templated":true}]}}