{"id":3908,"date":"2024-11-08T15:10:29","date_gmt":"2024-11-08T18:10:29","guid":{"rendered":"https:\/\/tveventos.tv.br\/?p=3908"},"modified":"2024-11-08T15:10:32","modified_gmt":"2024-11-08T18:10:32","slug":"congresso-reatech-2024-reune-vozes-diversas-para-combater-capacitismo","status":"publish","type":"post","link":"https:\/\/tveventos.tv.br\/?p=3908","title":{"rendered":"Congresso Reatech 2024 re\u00fane vozes diversas para combater capacitismo"},"content":{"rendered":"\n<p>O Congresso Reatech, que acontece nos dias 21 e 22 de novembro, \u00e9 um dos principais destaques da 19\u00aa Feira Internacional de Inclus\u00e3o, Acessibilidade e Reabilita\u00e7\u00e3o.<\/p>\n\n\n\n<p>O evento, que neste ano sediar\u00e1 a 1\u00aa edi\u00e7\u00e3o da Expo Brasil Paral\u00edmpico, ser\u00e1 realizado entre os dias 20 e 23, no S\u00e3o Paulo Expo, e visa promover uma profunda discuss\u00e3o sobre pr\u00e1ticas e pol\u00edticas ESG com foco anticapacitista.<\/p>\n\n\n\n<p>Neste ano, al\u00e9m das palestras, pequenas rodas de conversa, com as pessoas com defici\u00eancia em seu lugar de fala, ser\u00e3o apresentadas.<\/p>\n\n\n\n<p>\u201cSabemos que a Reatech \u00e9 o \u2018carnaval\u2019 das pessoas com defici\u00eancia\u201d, afirma Sandra Monay, diretora de relacionamento da Consolidar, empresa respons\u00e1vel pela curadoria do Congresso.<\/p>\n\n\n\n<p>\u201cNosso objetivo \u00e9 deixar o dia mais leve, com as pessoas contando sua trajet\u00f3ria e trocar conhecimento em um espa\u00e7o completamente acess\u00edvel e arejado\u201d, completa.<\/p>\n\n\n\n<p>Outra novidade est\u00e1 nas pautas apresentadas, mostrando como deve ser uma sociedade inclusiva, onde todos ocupam espa\u00e7os como parques, cinemas e shoppings.<\/p>\n\n\n\n<p>\u201cPouco se pensa na pessoa com defici\u00eancia quando se fala de lazer. L\u00edderes e gestores que possuem alguma defici\u00eancia estar\u00e3o em nossos pain\u00e9is. O debate ser\u00e1 \u2013 e precisa ser sempre \u2013 para toda sociedade\u201d, completa Monay.<\/p>\n\n\n\n<p>Os painelistas re\u00fanem profissionais de diferentes \u00e1reas e atua\u00e7\u00f5es, misturando vozes para agregar ao debate.<\/p>\n\n\n\n<p>Gestores p\u00fablicos, gestores de Recursos Humanos, professores, alunos, m\u00e3es at\u00edpicas estar\u00e3o inseridos na conversa, que ir\u00e1 abordar variados t\u00f3picos ligados ao anticapacitismo.<\/p>\n\n\n\n<p>A programa\u00e7\u00e3o completa pode ser acessada em:&nbsp;<a href=\"https:\/\/reatechbrasil.com.br\/16\/congresso-reatech\/\" target=\"_blank\" rel=\"noreferrer noopener\">https:\/\/reatechbrasil.com.br\/16\/congresso-reatech\/<\/a>&nbsp;<\/p>\n\n\n\n<p>\u201cA feira vem evoluindo muito nos \u00faltimos anos. A estrutura foi excelente no ano passado, com sinaliza\u00e7\u00f5es e espa\u00e7o adequado para todos\u201d, aponta a diretora.<\/p>\n\n\n\n<p>\u201cTrouxemos uma \u00e1rea para os autistas, que foi fundamental para aliviar poss\u00edveis crises. Acreditamos que ser\u00e1 melhor ainda neste ano\u201d, completa.<\/p>\n\n\n\n<p>Entre os palestrantes confirmados est\u00e3o:<\/p>\n\n\n\n<p>\u2013 Alexandra Loras, consultora, mentora, Sensitivity Reader da Harper\u2019s Bazaar e LinkedIn Top Voice; Anah\u00ed Guedes de Mello, antrop\u00f3loga e pesquisadora;<\/p>\n\n\n\n<p>\u2013 Rebecka Barbosa, presidente da Comiss\u00e3o de Direito das pessoas com defici\u00eancia; Cid Torquato, advogado e CEO do ICOM \u2013 Libras;<\/p>\n\n\n\n<p>\u2013 William Ruiz, Gerente de projetos sociais e Responsabilidade Social Corporativa do Instituto Nelson Wilians.<\/p>\n\n\n\n<p><strong>PRA\u00c7A INCLUSIVA<\/strong><\/p>\n\n\n\n<p>Al\u00e9m da curadoria do Congresso, a Consolidar tamb\u00e9m ter\u00e1 um estande no evento que, na pr\u00e1tica, ser\u00e1 uma pra\u00e7a interativa para permitir que todos, sem qualquer exce\u00e7\u00e3o, possam entrar a qualquer momento.<\/p>\n\n\n\n<p>\u201cA ideia do espa\u00e7o \u00e9 trazer o acolhimento e a vontade de estar ali presente. Queremos fazer com que ele seja um ambiente de conviv\u00eancia do evento. Contaremos com dois grandes pain\u00e9is para que as pessoas deixem sua marca e se expressem\u201d, finaliza Monay.<\/p>\n\n\n\n<p><strong>EXPO BRASIL PARAL\u00cdMPICO<\/strong><\/p>\n\n\n\n<p>O Comit\u00ea Paral\u00edmpico Brasileiro (CPB) realizar\u00e1, juntamente com a Reatech, a 1\u00aa edi\u00e7\u00e3o da Expo Brasil Paral\u00edmpico. O CPB e confedera\u00e7\u00f5es v\u00e3o exibir uma gama de atividades e informa\u00e7\u00f5es destinadas a promover o esporte e a gerar neg\u00f3cios para o segmento.<\/p>\n\n\n\n<p>Ser\u00e3o realizadas demonstra\u00e7\u00f5es de diversas modalidades esportivas adaptadas, permitindo que os visitantes experimentem a pr\u00e1tica desses esportes, al\u00e9m de encontro com atletas paral\u00edmpicos.<\/p>\n\n\n\n<p>O CPB tamb\u00e9m aproveitar\u00e1 a oportunidade para destacar o papel fundamental dos programas de desenvolvimento esportivo em todo o pa\u00eds.<\/p>\n\n\n\n<p>Haver\u00e1 ainda a realiza\u00e7\u00e3o do VII Congresso Paradesportivo Internacional, direcionado a estudantes e profissionais que trabalham ou t\u00eam o desejo de trabalhar com o esporte paral\u00edmpico.<\/p>\n\n\n\n<p><strong>SERVI\u00c7O:<\/strong><\/p>\n\n\n\n<p>Data: 20 a 23 de novembro<\/p>\n\n\n\n<p>Hor\u00e1rio: das 10h \u00e0s 19h<\/p>\n\n\n\n<p>Local: S\u00e3o Paulo Expo<\/p>\n\n\n\n<p>Endere\u00e7o: Rodovia dos Imigrantes, 1,5 km \u2013 Vila \u00c1gua Funda, S\u00e3o Paulo \u2013 SP<\/p>\n\n\n\n<p>Site:&nbsp;<a href=\"https:\/\/reatechbrasil.com.br\/\" target=\"_blank\" rel=\"noreferrer noopener\">https:\/\/reatechbrasil.com.br\/<\/a><\/p>\n\n\n\n<p><\/p>\n","protected":false},"excerpt":{"rendered":"<p>O Congresso Reatech, que acontece nos dias 21 e 22 de novembro, \u00e9 um dos principais destaques da 19\u00aa Feira Internacional de Inclus\u00e3o, Acessibilidade e Reabilita\u00e7\u00e3o. O evento, que neste ano sediar\u00e1 a 1\u00aa edi\u00e7\u00e3o da Expo Brasil Paral\u00edmpico, ser\u00e1 realizado entre os dias 20 e 23, no S\u00e3o Paulo Expo, e visa promover uma [&hellip;]<\/p>\n","protected":false},"author":2,"featured_media":3910,"comment_status":"open","ping_status":"open","sticky":false,"template":"","format":"standard","meta":{"footnotes":""},"categories":[1],"tags":[],"class_list":{"0":"post-3908","1":"post","2":"type-post","3":"status-publish","4":"format-standard","5":"has-post-thumbnail","7":"category-workshopsepalestras"},"_links":{"self":[{"href":"https:\/\/tveventos.tv.br\/index.php?rest_route=\/wp\/v2\/posts\/3908","targetHints":{"allow":["GET"]}}],"collection":[{"href":"https:\/\/tveventos.tv.br\/index.php?rest_route=\/wp\/v2\/posts"}],"about":[{"href":"https:\/\/tveventos.tv.br\/index.php?rest_route=\/wp\/v2\/types\/post"}],"author":[{"embeddable":true,"href":"https:\/\/tveventos.tv.br\/index.php?rest_route=\/wp\/v2\/users\/2"}],"replies":[{"embeddable":true,"href":"https:\/\/tveventos.tv.br\/index.php?rest_route=%2Fwp%2Fv2%2Fcomments&post=3908"}],"version-history":[{"count":1,"href":"https:\/\/tveventos.tv.br\/index.php?rest_route=\/wp\/v2\/posts\/3908\/revisions"}],"predecessor-version":[{"id":3911,"href":"https:\/\/tveventos.tv.br\/index.php?rest_route=\/wp\/v2\/posts\/3908\/revisions\/3911"}],"wp:featuredmedia":[{"embeddable":true,"href":"https:\/\/tveventos.tv.br\/index.php?rest_route=\/wp\/v2\/media\/3910"}],"wp:attachment":[{"href":"https:\/\/tveventos.tv.br\/index.php?rest_route=%2Fwp%2Fv2%2Fmedia&parent=3908"}],"wp:term":[{"taxonomy":"category","embeddable":true,"href":"https:\/\/tveventos.tv.br\/index.php?rest_route=%2Fwp%2Fv2%2Fcategories&post=3908"},{"taxonomy":"post_tag","embeddable":true,"href":"https:\/\/tveventos.tv.br\/index.php?rest_route=%2Fwp%2Fv2%2Ftags&post=3908"}],"curies":[{"name":"wp","href":"https:\/\/api.w.org\/{rel}","templated":true}]}}