{"id":3912,"date":"2024-11-08T16:55:30","date_gmt":"2024-11-08T19:55:30","guid":{"rendered":"https:\/\/tveventos.tv.br\/?p=3912"},"modified":"2024-11-08T17:00:51","modified_gmt":"2024-11-08T20:00:51","slug":"1-forum-do-mulheres-de-impressao-reuniu-mais-de-200-lideres-de-graficas-de-16-estados-do-pais","status":"publish","type":"post","link":"https:\/\/tveventos.tv.br\/?p=3912","title":{"rendered":"1\u00b0 F\u00f3rum do Mulheres de Impress\u00e3o reuniu mais de 200 l\u00edderes de gr\u00e1ficas de 16 estados do pa\u00eds"},"content":{"rendered":"\n<p class=\"has-text-align-center\">Evento, que aconteceu no Rio de Janeiro, promoveu conhecimento e network entre os profissionais<\/p>\n\n\n\n<p><\/p>\n\n\n\n<p class=\"has-text-align-left\">O 1\u00ba F\u00f3rum Mulheres de Impress\u00e3o, realizado em 1\u00ba de novembro, reuniu mais de 200 l\u00edderes da ind\u00fastria gr\u00e1fica de todo o Brasil. O evento, que aconteceu no Rio de Janeiro, teve o prop\u00f3sito de fortalecer a presen\u00e7a feminina no setor e promover discuss\u00f5es relevantes sobre o mercado. O encontro tamb\u00e9m serviu como um espa\u00e7o de networking entre profissionais da \u00e1rea.ividido em duas partes, o f\u00f3rum teve in\u00edcio na Casa Firjan, em Botafogo, Zona Sul do Rio de Janeiro, onde as l\u00edderes do setor participaram de uma programa\u00e7\u00e3o exclusiva. O evento come\u00e7ou com uma sess\u00e3o de branding e networking. Em seguida, todas foram direcionadas ao audit\u00f3rio para uma s\u00e9rie de palestras que abordaram variados temas.<\/p>\n\n\n\n<p>A primeira palestra, ministrada por Bia Padr\u00e3o, diretora da Wellhub (Gympass), abordou estrat\u00e9gias de vendas. Bia compartilhou dicas pr\u00e1ticas para empreendedoras, como estabelecer metas de vendas, acompanh\u00e1-las para alcan\u00e7ar bons resultados e encantar o cliente do in\u00edcio ao fim do processo.A segunda palestra foi conduzida por Mariana Reis, fundadora da Uptalent. A palestrante trouxe informa\u00e7\u00f5es sobre o que os profissionais buscam atualmente em uma empresa, e segundo seus ensinamentos, as que promovem motiva\u00e7\u00e3o nos funcion\u00e1rios s\u00e3o as mais valorizadas.O terceiro momento foi um painel liderado por Fl\u00e1via Camanho, conselheira, mentora, coach e especialista em desenvolvimento humano e governan\u00e7a familiar. Fl\u00e1via abordou a evolu\u00e7\u00e3o do papel da mulher nos neg\u00f3cios e na vida familiar, ressaltando o crescente espa\u00e7o que as mulheres v\u00eam conquistando no mundo dos neg\u00f3cios.<\/p>\n\n\n\n<p>Para encerrar, na segunda etapa do encontro, desta vez aberto ao homens da ind\u00fastria gr\u00e1fica, os participantes foram recebidos em um coquetel na Mans\u00e3o Alvite, um local ic\u00f4nico com arquitetura dos anos 1940 e uma vista privilegiada do Rio de Janeiro, no bairro de Santa Teresa. O espa\u00e7o foi cuidadosamente escolhido para transmitir o esp\u00edrito carioca aos participantes vindos de diversas partes do pa\u00eds, fortalecendo, mais uma vez, o networking entre os&nbsp; l\u00edderes do setor gr\u00e1fico.<\/p>\n\n\n\n<p><strong><br><\/strong>Para a l\u00edder do movimento, Renata Daflon, esse primeiro f\u00f3rum atendeu \u00e0s expectativas. \u201cConseguimos alcan\u00e7ar os objetivos tra\u00e7ados, que eram fortalecer a rede de mulheres l\u00edderes no setor gr\u00e1fico e criar um espa\u00e7o de troca de experi\u00eancias e aprendizado. O engajamento que presenciamos, aliado ao retorno positivo das participantes, confirma que conseguimos criar um impacto real e significativo\u201d, avaliou Renata.<br><strong><br><\/strong><strong>Participa\u00e7\u00e3o por estado<\/strong><\/p>\n\n\n\n<p>O encontro reuniu 260 l\u00edderes de 16 estados do pa\u00eds, sendo 186 mulheres e 74 homens. A distribui\u00e7\u00e3o por estado incluiu: Amazonas (2), Bahia (4), Cear\u00e1 (3), Distrito Federal (1), Esp\u00edrito Santo (2), Goi\u00e1s (1), Minas Gerais (8), Mato Grosso do Sul (2), Mato Grosso (3), Para\u00edba (2), Pernambuco (12), Paran\u00e1 (18), Rio de Janeiro (47), Rio Grande do Sul (17), Santa Catarina (23) e S\u00e3o Paulo, que contou com 113 participantes.<\/p>\n\n\n\n<p><strong>Contrata\u00e7\u00f5es especiais para o 1\u00b0 F\u00f3rum<\/strong><\/p>\n\n\n\n<p>Pensando nas diretrizes de ESG (Ambiental, Social e Governan\u00e7a) que valoriza pr\u00e1ticas empresariais justas e inclusivas, a equipe de produ\u00e7\u00e3o do evento foi composta preferencialmente por mulheres negras, LGBTQIA +, que fazem parte da Ong \u201cCruzando Hist\u00f3rias\u201d, uma iniciativa que ajuda mulheres em&nbsp; vulnerabilidade social em situa\u00e7\u00e3o de desemprego e as ajuda a se recolocar no mercado de trabalho.<\/p>\n\n\n\n<p>O primeiro f\u00f3rum tamb\u00e9m contou com a cobertura midi\u00e1tica da TV inclusiva \u201cSB TV\u201d, um canal que visa dar oportunidades de trabalho para jovens que possuem o&nbsp; Transtorno do Espectro Autista (TEA).&nbsp; O ve\u00edculo abre oportunidades para jovens que t\u00eam dificuldade de conseguir uma um emprego&nbsp; devido ao preconceito. E pensando em sustentabilidade, durante o encontro as convidadas receberam uma bolsa com itens do evento de material 100% reciclado.<\/p>\n\n\n\n<p class=\"has-text-align-center\">Para Renata Daflon, esse primeiro f\u00f3rum mostrou a for\u00e7a do movimento. \u201cEsse evento marca um passo importante para o movimento Mulheres de Impress\u00e3o, e estamos ainda mais motivados a continuar expandindo essa iniciativa\u201d, conclui.\u00a0<br><\/p>\n","protected":false},"excerpt":{"rendered":"<p>Evento, que aconteceu no Rio de Janeiro, promoveu conhecimento e network entre os profissionais O 1\u00ba F\u00f3rum Mulheres de Impress\u00e3o, realizado em 1\u00ba de novembro, reuniu mais de 200 l\u00edderes da ind\u00fastria gr\u00e1fica de todo o Brasil. O evento, que aconteceu no Rio de Janeiro, teve o prop\u00f3sito de fortalecer a presen\u00e7a feminina no setor [&hellip;]<\/p>\n","protected":false},"author":2,"featured_media":3915,"comment_status":"open","ping_status":"open","sticky":false,"template":"","format":"standard","meta":{"footnotes":""},"categories":[1],"tags":[],"class_list":{"0":"post-3912","1":"post","2":"type-post","3":"status-publish","4":"format-standard","5":"has-post-thumbnail","7":"category-workshopsepalestras"},"_links":{"self":[{"href":"https:\/\/tveventos.tv.br\/index.php?rest_route=\/wp\/v2\/posts\/3912","targetHints":{"allow":["GET"]}}],"collection":[{"href":"https:\/\/tveventos.tv.br\/index.php?rest_route=\/wp\/v2\/posts"}],"about":[{"href":"https:\/\/tveventos.tv.br\/index.php?rest_route=\/wp\/v2\/types\/post"}],"author":[{"embeddable":true,"href":"https:\/\/tveventos.tv.br\/index.php?rest_route=\/wp\/v2\/users\/2"}],"replies":[{"embeddable":true,"href":"https:\/\/tveventos.tv.br\/index.php?rest_route=%2Fwp%2Fv2%2Fcomments&post=3912"}],"version-history":[{"count":1,"href":"https:\/\/tveventos.tv.br\/index.php?rest_route=\/wp\/v2\/posts\/3912\/revisions"}],"predecessor-version":[{"id":3914,"href":"https:\/\/tveventos.tv.br\/index.php?rest_route=\/wp\/v2\/posts\/3912\/revisions\/3914"}],"wp:featuredmedia":[{"embeddable":true,"href":"https:\/\/tveventos.tv.br\/index.php?rest_route=\/wp\/v2\/media\/3915"}],"wp:attachment":[{"href":"https:\/\/tveventos.tv.br\/index.php?rest_route=%2Fwp%2Fv2%2Fmedia&parent=3912"}],"wp:term":[{"taxonomy":"category","embeddable":true,"href":"https:\/\/tveventos.tv.br\/index.php?rest_route=%2Fwp%2Fv2%2Fcategories&post=3912"},{"taxonomy":"post_tag","embeddable":true,"href":"https:\/\/tveventos.tv.br\/index.php?rest_route=%2Fwp%2Fv2%2Ftags&post=3912"}],"curies":[{"name":"wp","href":"https:\/\/api.w.org\/{rel}","templated":true}]}}