{"id":3916,"date":"2024-11-08T17:34:59","date_gmt":"2024-11-08T20:34:59","guid":{"rendered":"https:\/\/tveventos.tv.br\/?p=3916"},"modified":"2024-11-08T17:35:03","modified_gmt":"2024-11-08T20:35:03","slug":"bfshow-reforca-compromisso-com-a-sustentabilidade-e-preve-aumento-na-reciclagem-de-residuos","status":"publish","type":"post","link":"https:\/\/tveventos.tv.br\/?p=3916","title":{"rendered":"BFSHOW refor\u00e7a compromisso com a sustentabilidade e prev\u00ea aumento na reciclagem de res\u00edduos"},"content":{"rendered":"\n<p>A BFSHOW, principal feira de cal\u00e7ados do Brasil, estreia no Distrito Anhembi, em S\u00e3o Paulo\/SP, nos dias 11, 12 e 13 de novembro, com um forte compromisso com o meio ambiente. A 3\u00aa edi\u00e7\u00e3o do evento prev\u00ea aumentar em 30% o \u00edndice de reciclagem dos res\u00edduos gerados dentro do pavilh\u00e3o em rela\u00e7\u00e3o \u00e0s edi\u00e7\u00f5es passadas. O foco \u00e9 tornar a feira cada vez mais sustent\u00e1vel e esse aumento representa um avan\u00e7o significativo no trabalho para a destina\u00e7\u00e3o correta de res\u00edduos.<\/p>\n\n\n\n<p>Al\u00e9m disso, o evento, que \u00e9 realizado pela Associa\u00e7\u00e3o Brasileira das Ind\u00fastrias de Cal\u00e7ados (Abical\u00e7ados) e organizado pela N\u00fcrnbergMesse Brasil, vem incentivando os expositores a ajudarem no movimento. \u201cOferecemos o selo de Responsabilidade Compartilhada N\u00fcrnberg, estimulando esses parceiros a compensarem suas emiss\u00f5es de carbono, uma a\u00e7\u00e3o que pode ainda ser inclu\u00edda em seus relat\u00f3rios de ESG\u201d, destaca Caroline Guedes, coordenadora operacional de ESG da N\u00fcrnbergMesse Brasil.<\/p>\n\n\n\n<p>A N\u00fcrnbergMesse Brasil foi pioneira no Pa\u00eds em promover a destina\u00e7\u00e3o correta dos res\u00edduos de suas feiras de neg\u00f3cios antes mesmo da a\u00e7\u00e3o virar lei no Estado de S\u00e3o Paulo. O projeto, iniciado em 2023, j\u00e1 destinou 946 toneladas de lixo para reciclagem, todos origin\u00e1rios de eventos organizados pela empresa, incluindo a BFSHOW.<\/p>\n\n\n\n<p>Outra prioridade para a 3\u00aa edi\u00e7\u00e3o da feira \u00e9 a inclus\u00e3o social. Em novembro, 10% das vagas na organiza\u00e7\u00e3o do evento ser\u00e3o novamente destinadas \u00e0 m\u00e3o de obra social, em uma parceria com a Apae Brasil. \u201cCom um p\u00fablico estimado em milhares de visitantes e a participa\u00e7\u00e3o de mais de 290 marcas expositoras, a BFSHOW segue como refer\u00eancia n\u00e3o s\u00f3 em inova\u00e7\u00e3o no setor cal\u00e7adista, mas tamb\u00e9m como um modelo de evento comprometido com a sustentabilidade e responsabilidade social\u201d, explica o gerente de Marketing e Estrat\u00e9gia da Abical\u00e7ados, Cristian Schlindwein.<\/p>\n\n\n\n<p>Arena de Sustentabilidade<br>Na feira, os visitantes poder\u00e3o conhecer a Arena de Sustentabilidade, que estar\u00e1 na entrada do evento. Al\u00e9m de promover, neste espa\u00e7o, as pr\u00e1ticas de sustentabilidade da mostra e a certifica\u00e7\u00e3o Origem Sustent\u00e1vel, o local ser\u00e1 palco da exposi\u00e7\u00e3o BFSHOW Cal\u00e7ados Sustent\u00e1veis. Nele, ser\u00e3o exibidos modelos de cal\u00e7ados de expositores que utilizam materiais sustent\u00e1veis e prezam pelo menor impacto ambiental da atividade. \u201cA sustentabilidade \u00e9 uma bandeira do setor cal\u00e7adista brasileiro, da Abical\u00e7ados e da BFSHOW, e por esse motivo estar\u00e1 em evid\u00eancia na entrada do evento\u201d, finaliza Schlindwein.<\/p>\n\n\n\n<p><strong>SERVI\u00c7O<br><\/strong>3\u00aa BFSHOW<br>Data: 11 a 13 de novembro \u2013 segunda-feira e ter\u00e7a-feira (das 9h \u00e0s 19h); quarta-feira (das 9h \u00e0s 17h);<br>Local: Distrito Anhembi (Av. Olavo Fontoura, 1209 \u2013 Santana, S\u00e3o Paulo\/SP)<br>Mais informa\u00e7\u00f5es:&nbsp;<a href=\"https:\/\/www.bfshow.com.br\/\">www.bfshow.com.br<\/a><\/p>\n\n\n\n<p>\u200b<\/p>\n","protected":false},"excerpt":{"rendered":"<p>A BFSHOW, principal feira de cal\u00e7ados do Brasil, estreia no Distrito Anhembi, em S\u00e3o Paulo\/SP, nos dias 11, 12 e 13 de novembro, com um forte compromisso com o meio ambiente. A 3\u00aa edi\u00e7\u00e3o do evento prev\u00ea aumentar em 30% o \u00edndice de reciclagem dos res\u00edduos gerados dentro do pavilh\u00e3o em rela\u00e7\u00e3o \u00e0s edi\u00e7\u00f5es passadas. [&hellip;]<\/p>\n","protected":false},"author":2,"featured_media":3917,"comment_status":"open","ping_status":"open","sticky":false,"template":"","format":"standard","meta":{"footnotes":""},"categories":[23],"tags":[],"class_list":{"0":"post-3916","1":"post","2":"type-post","3":"status-publish","4":"format-standard","5":"has-post-thumbnail","7":"category-feirasdenegocios"},"_links":{"self":[{"href":"https:\/\/tveventos.tv.br\/index.php?rest_route=\/wp\/v2\/posts\/3916","targetHints":{"allow":["GET"]}}],"collection":[{"href":"https:\/\/tveventos.tv.br\/index.php?rest_route=\/wp\/v2\/posts"}],"about":[{"href":"https:\/\/tveventos.tv.br\/index.php?rest_route=\/wp\/v2\/types\/post"}],"author":[{"embeddable":true,"href":"https:\/\/tveventos.tv.br\/index.php?rest_route=\/wp\/v2\/users\/2"}],"replies":[{"embeddable":true,"href":"https:\/\/tveventos.tv.br\/index.php?rest_route=%2Fwp%2Fv2%2Fcomments&post=3916"}],"version-history":[{"count":1,"href":"https:\/\/tveventos.tv.br\/index.php?rest_route=\/wp\/v2\/posts\/3916\/revisions"}],"predecessor-version":[{"id":3918,"href":"https:\/\/tveventos.tv.br\/index.php?rest_route=\/wp\/v2\/posts\/3916\/revisions\/3918"}],"wp:featuredmedia":[{"embeddable":true,"href":"https:\/\/tveventos.tv.br\/index.php?rest_route=\/wp\/v2\/media\/3917"}],"wp:attachment":[{"href":"https:\/\/tveventos.tv.br\/index.php?rest_route=%2Fwp%2Fv2%2Fmedia&parent=3916"}],"wp:term":[{"taxonomy":"category","embeddable":true,"href":"https:\/\/tveventos.tv.br\/index.php?rest_route=%2Fwp%2Fv2%2Fcategories&post=3916"},{"taxonomy":"post_tag","embeddable":true,"href":"https:\/\/tveventos.tv.br\/index.php?rest_route=%2Fwp%2Fv2%2Ftags&post=3916"}],"curies":[{"name":"wp","href":"https:\/\/api.w.org\/{rel}","templated":true}]}}