{"id":3919,"date":"2024-11-11T14:38:48","date_gmt":"2024-11-11T17:38:48","guid":{"rendered":"https:\/\/tveventos.tv.br\/?p=3919"},"modified":"2024-11-11T14:38:52","modified_gmt":"2024-11-11T17:38:52","slug":"28o-congresso-abramge","status":"publish","type":"post","link":"https:\/\/tveventos.tv.br\/?p=3919","title":{"rendered":"28\u00ba Congresso Abramge"},"content":{"rendered":"\n<h4 class=\"wp-block-heading\">O 28\u00ba Congresso Abramge, que traz o tema principal <strong>\u201cProtagonismo da Sa\u00fade: Integra\u00e7\u00e3o P\u00fablico-Privado\u201d<\/strong>, ser\u00e1 realizado em um dos locais mais ic\u00f4nicos de S\u00e3o Paulo, a Bienal do Ibirapuera. Nos dias 21 e 22 de novembro, reuniremos os maiores especialistas, l\u00edderes e inovadores do setor para discutir as tend\u00eancias e desafios que moldar\u00e3o o futuro da sa\u00fade.<\/h4>\n\n\n\n<h4 class=\"wp-block-heading\">Junte-se a n\u00f3s nos dias 21 e 22 de novembro, das 08h \u00e0s 18h, no Pavilh\u00e3o Bienal.<\/h4>\n\n\n\n<h4 class=\"wp-block-heading\">Endere\u00e7o: Avenida Pedro \u00c1lvares Cabral, s\/n, Port\u00e3o 3, em S\u00e3o Paulo. Complemento: Parque do Ibirapuera, Port\u00e3o 3, CEP 04094-050.<\/h4>\n","protected":false},"excerpt":{"rendered":"<p>O 28\u00ba Congresso Abramge, que traz o tema principal \u201cProtagonismo da Sa\u00fade: Integra\u00e7\u00e3o P\u00fablico-Privado\u201d, ser\u00e1 realizado em um dos locais mais ic\u00f4nicos de S\u00e3o Paulo, a Bienal do Ibirapuera. Nos dias 21 e 22 de novembro, reuniremos os maiores especialistas, l\u00edderes e inovadores do setor para discutir as tend\u00eancias e desafios que moldar\u00e3o o futuro [&hellip;]<\/p>\n","protected":false},"author":2,"featured_media":3920,"comment_status":"open","ping_status":"open","sticky":false,"template":"","format":"standard","meta":{"footnotes":""},"categories":[25],"tags":[],"class_list":{"0":"post-3919","1":"post","2":"type-post","3":"status-publish","4":"format-standard","5":"has-post-thumbnail","7":"category-calendariodeeventos"},"_links":{"self":[{"href":"https:\/\/tveventos.tv.br\/index.php?rest_route=\/wp\/v2\/posts\/3919","targetHints":{"allow":["GET"]}}],"collection":[{"href":"https:\/\/tveventos.tv.br\/index.php?rest_route=\/wp\/v2\/posts"}],"about":[{"href":"https:\/\/tveventos.tv.br\/index.php?rest_route=\/wp\/v2\/types\/post"}],"author":[{"embeddable":true,"href":"https:\/\/tveventos.tv.br\/index.php?rest_route=\/wp\/v2\/users\/2"}],"replies":[{"embeddable":true,"href":"https:\/\/tveventos.tv.br\/index.php?rest_route=%2Fwp%2Fv2%2Fcomments&post=3919"}],"version-history":[{"count":1,"href":"https:\/\/tveventos.tv.br\/index.php?rest_route=\/wp\/v2\/posts\/3919\/revisions"}],"predecessor-version":[{"id":3921,"href":"https:\/\/tveventos.tv.br\/index.php?rest_route=\/wp\/v2\/posts\/3919\/revisions\/3921"}],"wp:featuredmedia":[{"embeddable":true,"href":"https:\/\/tveventos.tv.br\/index.php?rest_route=\/wp\/v2\/media\/3920"}],"wp:attachment":[{"href":"https:\/\/tveventos.tv.br\/index.php?rest_route=%2Fwp%2Fv2%2Fmedia&parent=3919"}],"wp:term":[{"taxonomy":"category","embeddable":true,"href":"https:\/\/tveventos.tv.br\/index.php?rest_route=%2Fwp%2Fv2%2Fcategories&post=3919"},{"taxonomy":"post_tag","embeddable":true,"href":"https:\/\/tveventos.tv.br\/index.php?rest_route=%2Fwp%2Fv2%2Ftags&post=3919"}],"curies":[{"name":"wp","href":"https:\/\/api.w.org\/{rel}","templated":true}]}}