{"id":392,"date":"2023-10-11T17:05:10","date_gmt":"2023-10-11T20:05:10","guid":{"rendered":"https:\/\/tveventos.tv.br\/?p=392"},"modified":"2023-10-11T17:05:15","modified_gmt":"2023-10-11T20:05:15","slug":"feira-do-empreendedor-2023-contara-com-palestrantes-como-carlinhos-brown-gabriela-prioli-e-kondzilla","status":"publish","type":"post","link":"https:\/\/tveventos.tv.br\/?p=392","title":{"rendered":"Feira do Empreendedor 2023 contar\u00e1 com palestrantes como Carlinhos Brown, Gabriela Prioli e Kondzilla"},"content":{"rendered":"\n<p><em>Visitantes ter\u00e3o transporte saindo de duas esta\u00e7\u00f5es do metr\u00f4; FE23, realizada pelo Sebrae-SP, acontece de 16 a 19 de outubro no S\u00e3o Paulo Expo, das 10h \u00e0s 20h<\/em><\/p>\n\n\n\n<p>Um dos espa\u00e7os mais disputados da Feira do Empreendedor do Sebrae-SP, a Arena do Conhecimento Sebrae &amp; Unfy j\u00e1 tem nomes de peso confirmados para a edi\u00e7\u00e3o 2023, que acontece de 16 a 19 de outubro, das 10h \u00e0s 20h, no S\u00e3o Paulo Expo. Os visitantes poder\u00e3o ter acesso \u00e0 FE23 com o servi\u00e7o de vans gratuitas, ida e volta, a partir das esta\u00e7\u00f5es de metr\u00f4 S\u00e3o Judas (Linha 1 \u2013 Azul) e Santos-Imigrantes (Linha 3 \u2013 Verde), com in\u00edcio \u00e0s 9h30.<\/p>\n\n\n\n<p>Entre os palestrantes j\u00e1 confirmados, est\u00e3o o m\u00fasico, apresentador e ativista cultural Carlinhos Brown; a comunicadora, advogada e influencer digital Gabriela Prioli; o empres\u00e1rio e produtor Konrad Dantas, criador da produtora Kondzilla; o ex-jogador de basquete Oscar Schmidt; as empres\u00e1rias e investidoras do Shark Tank Brasil Monique Evelle e Carol Paiffer; a atleta paral\u00edmpica Raissa Rocha Machado; o empres\u00e1rio Alexandre Costa, fundador da Cacau Show; o consultor e autor Alberto Serrentino; a dupla Henry e Klauss, campe\u00f5es internacionais de ilusionismo; o apresentador do SBT Celso Portiolli; a influenciadora e empres\u00e1ria Duda Reis; o empres\u00e1rio e escritor Alfredo Soares; a empres\u00e1ria Karla Marques Felmanas, vice-presidente da Cimed; e o investidor e escritor Davi Braga.<\/p>\n\n\n\n<p>A Arena do Conhecimento da FE23 traz conte\u00fado de ponta por meio de palestras, talk shows e atra\u00e7\u00f5es interativas, reunindo especialistas do Sebrae, empreendedores com hist\u00f3rias de sucesso e grandes palestrantes. Ser\u00e3o quatro palcos com capacidade total para 1 mil espectadores, apresentando o que h\u00e1 de mais inspirador e inovador para auxiliar na gest\u00e3o dos pequenos neg\u00f3cios. As palestras e todas as atra\u00e7\u00f5es da Feira s\u00e3o gratuitas. Datas e hor\u00e1rios podem ser consultados no&nbsp;<a href=\"https:\/\/s2310.imagemreleases.com\/link.php?code=bDpodHRwcyUzQSUyRiUyRmZlaXJhZG9lbXByZWVuZGVkb3Iuc2VicmFlc3AuY29tLmJyJTJGOjIyNDA3NDExMTk6cmVkYWNhb3R2ZXZlbnRvc0BnbWFpbC5jb206ZTYyMTE1OjVj\" target=\"_blank\" rel=\"noreferrer noopener\">site da FE23<\/a>.<br>&nbsp;<\/p>\n\n\n\n<p>A FE23 promete uma edi\u00e7\u00e3o de recordes: ser\u00e3o mais de 1,1 mil expositores, entre franqueadores, empresas de m\u00e1quinas e equipamentos, empresas de servi\u00e7os e solu\u00e7\u00f5es digitais. A expectativa do Sebrae-SP \u00e9 atingir a marca de R\uff04 700 milh\u00f5es em neg\u00f3cios gerados a partir da Feira. Esse n\u00famero leva em conta o volume de contratos fechados entre expositores e visitantes nos 12 meses subsequentes ao evento. Em 2022, o valor foi de R\uff04 550 milh\u00f5es.<\/p>\n\n\n\n<p>A FE23 \u00e9 considerada um dos maiores eventos de empreendedorismo do mundo. Na edi\u00e7\u00e3o deste ano, a expectativa \u00e9 receber presencialmente 125 mil visitantes em um espa\u00e7o de 52 mil m\u00b2. Do total de visitantes, mais de 17 mil pessoas devem chegar \u00e0 Feira por meio de cerca de 430 miss\u00f5es empresariais organizadas pelos Escrit\u00f3rios Regionais do Sebrae-SP em todo o Estado.<\/p>\n\n\n\n<p><strong>SERVI\u00c7O<\/strong><\/p>\n\n\n\n<p><strong>FE23<\/strong><\/p>\n\n\n\n<p><strong>Data:<\/strong>&nbsp;16 a 19 de outubro, das 10h \u00e0s 20h<\/p>\n\n\n\n<p><strong>Local:<\/strong>&nbsp;S\u00e3o Paulo Expo \u2013 Rodovia dos Imigrantes, 1,5 km \u2013 Vila \u00c1gua Funda, S\u00e3o Paulo<\/p>\n\n\n\n<p><strong>Informa\u00e7\u00f5es e inscri\u00e7\u00f5es:<\/strong>&nbsp;<a href=\"https:\/\/s2310.imagemreleases.com\/link.php?code=bDpodHRwcyUzQSUyRiUyRmZlaXJhZG9lbXByZWVuZGVkb3Iuc2VicmFlc3AuY29tLmJyJTJGOjIyNDA3NDExMTk6cmVkYWNhb3R2ZXZlbnRvc0BnbWFpbC5jb206ZTYyMTE1OjVj\" target=\"_blank\" rel=\"noreferrer noopener\">link<\/a><\/p>\n\n\n\n<p><strong>Entrada gratuita<\/strong><\/p>\n\n\n\n<p><strong>Vans gratuitas:&nbsp;<\/strong>Ida e volta, a partir das esta\u00e7\u00f5es de metr\u00f4 S\u00e3o Judas (Linha 1 \u2013 Azul) e Santos-Imigrantes (Linha 3 \u2013 Verde), com in\u00edcio \u00e0s 9h30.<\/p>\n","protected":false},"excerpt":{"rendered":"<p>Visitantes ter\u00e3o transporte saindo de duas esta\u00e7\u00f5es do metr\u00f4; FE23, realizada pelo Sebrae-SP, acontece de 16 a 19 de outubro no S\u00e3o Paulo Expo, das 10h \u00e0s 20h Um dos espa\u00e7os mais disputados da Feira do Empreendedor do Sebrae-SP, a Arena do Conhecimento Sebrae &amp; Unfy j\u00e1 tem nomes de peso confirmados para a edi\u00e7\u00e3o [&hellip;]<\/p>\n","protected":false},"author":2,"featured_media":393,"comment_status":"open","ping_status":"open","sticky":false,"template":"","format":"standard","meta":{"footnotes":""},"categories":[1],"tags":[],"class_list":{"0":"post-392","1":"post","2":"type-post","3":"status-publish","4":"format-standard","5":"has-post-thumbnail","7":"category-workshopsepalestras"},"_links":{"self":[{"href":"https:\/\/tveventos.tv.br\/index.php?rest_route=\/wp\/v2\/posts\/392","targetHints":{"allow":["GET"]}}],"collection":[{"href":"https:\/\/tveventos.tv.br\/index.php?rest_route=\/wp\/v2\/posts"}],"about":[{"href":"https:\/\/tveventos.tv.br\/index.php?rest_route=\/wp\/v2\/types\/post"}],"author":[{"embeddable":true,"href":"https:\/\/tveventos.tv.br\/index.php?rest_route=\/wp\/v2\/users\/2"}],"replies":[{"embeddable":true,"href":"https:\/\/tveventos.tv.br\/index.php?rest_route=%2Fwp%2Fv2%2Fcomments&post=392"}],"version-history":[{"count":1,"href":"https:\/\/tveventos.tv.br\/index.php?rest_route=\/wp\/v2\/posts\/392\/revisions"}],"predecessor-version":[{"id":394,"href":"https:\/\/tveventos.tv.br\/index.php?rest_route=\/wp\/v2\/posts\/392\/revisions\/394"}],"wp:featuredmedia":[{"embeddable":true,"href":"https:\/\/tveventos.tv.br\/index.php?rest_route=\/wp\/v2\/media\/393"}],"wp:attachment":[{"href":"https:\/\/tveventos.tv.br\/index.php?rest_route=%2Fwp%2Fv2%2Fmedia&parent=392"}],"wp:term":[{"taxonomy":"category","embeddable":true,"href":"https:\/\/tveventos.tv.br\/index.php?rest_route=%2Fwp%2Fv2%2Fcategories&post=392"},{"taxonomy":"post_tag","embeddable":true,"href":"https:\/\/tveventos.tv.br\/index.php?rest_route=%2Fwp%2Fv2%2Ftags&post=392"}],"curies":[{"name":"wp","href":"https:\/\/api.w.org\/{rel}","templated":true}]}}