{"id":3922,"date":"2024-11-11T14:46:23","date_gmt":"2024-11-11T17:46:23","guid":{"rendered":"https:\/\/tveventos.tv.br\/?p=3922"},"modified":"2024-11-11T14:46:27","modified_gmt":"2024-11-11T17:46:27","slug":"btff","status":"publish","type":"post","link":"https:\/\/tveventos.tv.br\/?p=3922","title":{"rendered":"BTFF"},"content":{"rendered":"\n<h4 class=\"wp-block-heading\">A mais eficiente feira dos setores Fitness, Sa\u00fade e Bem-Estar , plataforma completa de neg\u00f3cios, experi\u00eancia, conhecimento e entretenimento, a BTFF se destaca por sua capacidade de promover um evento igualmente relevante para os p\u00fablicos B2B e B2C.<\/h4>\n\n\n\n<p>Tudo isso por meio de uma s\u00e9rie de a\u00e7\u00f5es estrat\u00e9gicas que estimulam os neg\u00f3cios durante a feira e de conte\u00fado profissional, t\u00e9cnico e cient\u00edfico, oficinas de aprendizado, atividades de esporte e lazer e muito mais.<\/p>\n\n\n\n<h4 class=\"wp-block-heading\">Junte-se a n\u00f3s nos dias 22 e 24 de novembro, das 10h \u00e0s 20h, no Expo Center Norte.<\/h4>\n\n\n\n<h4 class=\"wp-block-heading\">Endere\u00e7o: Rua Jos\u00e9 Bernardo Pinto 333, S\u00e3o Paulo, SP, 02055-000.<\/h4>\n\n\n\n<p><\/p>\n","protected":false},"excerpt":{"rendered":"<p>A mais eficiente feira dos setores Fitness, Sa\u00fade e Bem-Estar , plataforma completa de neg\u00f3cios, experi\u00eancia, conhecimento e entretenimento, a BTFF se destaca por sua capacidade de promover um evento igualmente relevante para os p\u00fablicos B2B e B2C. Tudo isso por meio de uma s\u00e9rie de a\u00e7\u00f5es estrat\u00e9gicas que estimulam os neg\u00f3cios durante a feira [&hellip;]<\/p>\n","protected":false},"author":2,"featured_media":3923,"comment_status":"open","ping_status":"open","sticky":false,"template":"","format":"standard","meta":{"footnotes":""},"categories":[25],"tags":[],"class_list":{"0":"post-3922","1":"post","2":"type-post","3":"status-publish","4":"format-standard","5":"has-post-thumbnail","7":"category-calendariodeeventos"},"_links":{"self":[{"href":"https:\/\/tveventos.tv.br\/index.php?rest_route=\/wp\/v2\/posts\/3922","targetHints":{"allow":["GET"]}}],"collection":[{"href":"https:\/\/tveventos.tv.br\/index.php?rest_route=\/wp\/v2\/posts"}],"about":[{"href":"https:\/\/tveventos.tv.br\/index.php?rest_route=\/wp\/v2\/types\/post"}],"author":[{"embeddable":true,"href":"https:\/\/tveventos.tv.br\/index.php?rest_route=\/wp\/v2\/users\/2"}],"replies":[{"embeddable":true,"href":"https:\/\/tveventos.tv.br\/index.php?rest_route=%2Fwp%2Fv2%2Fcomments&post=3922"}],"version-history":[{"count":1,"href":"https:\/\/tveventos.tv.br\/index.php?rest_route=\/wp\/v2\/posts\/3922\/revisions"}],"predecessor-version":[{"id":3924,"href":"https:\/\/tveventos.tv.br\/index.php?rest_route=\/wp\/v2\/posts\/3922\/revisions\/3924"}],"wp:featuredmedia":[{"embeddable":true,"href":"https:\/\/tveventos.tv.br\/index.php?rest_route=\/wp\/v2\/media\/3923"}],"wp:attachment":[{"href":"https:\/\/tveventos.tv.br\/index.php?rest_route=%2Fwp%2Fv2%2Fmedia&parent=3922"}],"wp:term":[{"taxonomy":"category","embeddable":true,"href":"https:\/\/tveventos.tv.br\/index.php?rest_route=%2Fwp%2Fv2%2Fcategories&post=3922"},{"taxonomy":"post_tag","embeddable":true,"href":"https:\/\/tveventos.tv.br\/index.php?rest_route=%2Fwp%2Fv2%2Ftags&post=3922"}],"curies":[{"name":"wp","href":"https:\/\/api.w.org\/{rel}","templated":true}]}}