{"id":3931,"date":"2024-11-11T15:34:06","date_gmt":"2024-11-11T18:34:06","guid":{"rendered":"https:\/\/tveventos.tv.br\/?p=3931"},"modified":"2024-11-11T15:34:08","modified_gmt":"2024-11-11T18:34:08","slug":"expo-abla","status":"publish","type":"post","link":"https:\/\/tveventos.tv.br\/?p=3931","title":{"rendered":"EXPO ABLA"},"content":{"rendered":"\n<p>A <strong>EXPO ABLA<\/strong>, o maior encontro do setor no Brasil e na Am\u00e9rica Latina. Organizado pela Associa\u00e7\u00e3o Brasileira das Locadoras de Autom\u00f3veis, a Expo ABLA acontecer\u00e1 nos dias <strong>27 e 28 de novembro de 2024, no S\u00e3o Paulo Expo<\/strong>.\u00a0<\/p>\n\n\n\n<p>Para esta edi\u00e7\u00e3o, contaremos com um espa\u00e7o de exposi\u00e7\u00e3o de <strong>6 mil metros quadrados<\/strong>, proporcionando aos visitantes a oportunidade de explorar uma ampla gama de produtos, servi\u00e7os e solu\u00e7\u00f5es inovadoras. Al\u00e9m disso, o F\u00f3rum contar\u00e1 com a participa\u00e7\u00e3o de mais de <strong>45 palestrantes renomados<\/strong>, tanto do cen\u00e1rio nacional quanto internacional, proporcionando mais de 14 horas de conte\u00fado distribu\u00eddas em dois palcos simult\u00e2neos e sess\u00f5es plen\u00e1rias.<\/p>\n\n\n\n<h4 class=\"wp-block-heading\">Junte-se a n\u00f3s nos dias 27 e 28 de novembro, das 09h \u00e0s 19h, no S\u00e3o Paulo Expo.<\/h4>\n\n\n\n<h4 class=\"wp-block-heading\">Endere\u00e7o: Rod. dos Imigrantes 5, S\/N, km. 1, S\u00e3o Paulo, SP, 04329-900<\/h4>\n","protected":false},"excerpt":{"rendered":"<p>A EXPO ABLA, o maior encontro do setor no Brasil e na Am\u00e9rica Latina. Organizado pela Associa\u00e7\u00e3o Brasileira das Locadoras de Autom\u00f3veis, a Expo ABLA acontecer\u00e1 nos dias 27 e 28 de novembro de 2024, no S\u00e3o Paulo Expo.\u00a0 Para esta edi\u00e7\u00e3o, contaremos com um espa\u00e7o de exposi\u00e7\u00e3o de 6 mil metros quadrados, proporcionando aos [&hellip;]<\/p>\n","protected":false},"author":2,"featured_media":3932,"comment_status":"open","ping_status":"open","sticky":false,"template":"","format":"standard","meta":{"footnotes":""},"categories":[25],"tags":[],"class_list":{"0":"post-3931","1":"post","2":"type-post","3":"status-publish","4":"format-standard","5":"has-post-thumbnail","7":"category-calendariodeeventos"},"_links":{"self":[{"href":"https:\/\/tveventos.tv.br\/index.php?rest_route=\/wp\/v2\/posts\/3931","targetHints":{"allow":["GET"]}}],"collection":[{"href":"https:\/\/tveventos.tv.br\/index.php?rest_route=\/wp\/v2\/posts"}],"about":[{"href":"https:\/\/tveventos.tv.br\/index.php?rest_route=\/wp\/v2\/types\/post"}],"author":[{"embeddable":true,"href":"https:\/\/tveventos.tv.br\/index.php?rest_route=\/wp\/v2\/users\/2"}],"replies":[{"embeddable":true,"href":"https:\/\/tveventos.tv.br\/index.php?rest_route=%2Fwp%2Fv2%2Fcomments&post=3931"}],"version-history":[{"count":1,"href":"https:\/\/tveventos.tv.br\/index.php?rest_route=\/wp\/v2\/posts\/3931\/revisions"}],"predecessor-version":[{"id":3933,"href":"https:\/\/tveventos.tv.br\/index.php?rest_route=\/wp\/v2\/posts\/3931\/revisions\/3933"}],"wp:featuredmedia":[{"embeddable":true,"href":"https:\/\/tveventos.tv.br\/index.php?rest_route=\/wp\/v2\/media\/3932"}],"wp:attachment":[{"href":"https:\/\/tveventos.tv.br\/index.php?rest_route=%2Fwp%2Fv2%2Fmedia&parent=3931"}],"wp:term":[{"taxonomy":"category","embeddable":true,"href":"https:\/\/tveventos.tv.br\/index.php?rest_route=%2Fwp%2Fv2%2Fcategories&post=3931"},{"taxonomy":"post_tag","embeddable":true,"href":"https:\/\/tveventos.tv.br\/index.php?rest_route=%2Fwp%2Fv2%2Ftags&post=3931"}],"curies":[{"name":"wp","href":"https:\/\/api.w.org\/{rel}","templated":true}]}}