{"id":3934,"date":"2024-11-13T10:04:04","date_gmt":"2024-11-13T13:04:04","guid":{"rendered":"https:\/\/tveventos.tv.br\/?p=3934"},"modified":"2024-11-13T10:04:08","modified_gmt":"2024-11-13T13:04:08","slug":"sambodromo-do-distrito-anhembi-se-prepara-para-a-formula-e","status":"publish","type":"post","link":"https:\/\/tveventos.tv.br\/?p=3934","title":{"rendered":"Samb\u00f3dromo do Distrito Anhembi se prepara para a F\u00f3rmula E"},"content":{"rendered":"\n<p>A F\u00f3rmula E, corrida de carros el\u00e9tricos, volta a S\u00e3o Paulo de novo este ano, agora para a abertura da 11\u00aa temporada, no Distrito Anhembi, dia 7 de dezembro de 2024.<\/p>\n\n\n\n<p>A pista que percorre o Samb\u00f3dromo ser\u00e1 o palco do in\u00edcio da etapa, marcando a estreia do novo modelo de carro de corrida: o GEN3 EVO.<\/p>\n\n\n\n<p>O monoposto alcan\u00e7a alto poder de acelera\u00e7\u00e3o, que vai de 0 a 100 km\/h em apenas 1s82 \u2014 30% mais r\u00e1pido que os carros atuais da F\u00f3rmula 1. &nbsp;Tamb\u00e9m \u00e9 o carro mais r\u00e1pido da hist\u00f3ria da F\u00f3rmula E, podendo bater a velocidade de 320 km\/h. &nbsp;<\/p>\n\n\n\n<p>O circuito mant\u00e9m as caracter\u00edsticas que garantiram fortes emo\u00e7\u00f5es na \u00faltima edi\u00e7\u00e3o: tr\u00eas longas retas conectadas por curvas fechadas e chicanes que exigem destreza dos pilotos.&nbsp;<\/p>\n\n\n\n<p>\u201cO Samb\u00f3dromo proporciona uma experi\u00eancia \u00fanica a todos os apaixonados por automobilismo, integrando a tradi\u00e7\u00e3o cultural do local \u00e0 inova\u00e7\u00e3o da F\u00f3rmula E\u201d, destaca Rodolfo Andrade, diretor geral do Distrito Anhembi.<\/p>\n\n\n\n<p>Em 2024, foram disputadas 16 corridas, em 10 pa\u00edses diferentes, passando pela Ar\u00e1bia Saudita, em rodada dupla. Ainda comp\u00f5em o calend\u00e1rio:<\/p>\n\n\n\n<p>\u2013 Cidade do M\u00e9xico (M\u00e9xico), T\u00f3quio (Jap\u00e3o), Misano (It\u00e1lia), M\u00f4naco, Berlim (Alemanha), Xangai (China), Portland (EUA), Londres (Inglaterra) e S\u00e3o Paulo (Brasil).<\/p>\n\n\n\n<p>A \u00faltima edi\u00e7\u00e3o em S\u00e3o Paulo foi em mar\u00e7o deste ano, com vit\u00f3ria do brit\u00e2nico Sam Bird, da McLaren, que superou Mitch Evans, da Jaguar, na volta final. &nbsp;<\/p>\n\n\n\n<p><strong>EXPERI\u00caNCIAS<\/strong><\/p>\n\n\n\n<p>Os f\u00e3s de todas as idades poder\u00e3o desfrutar das atra\u00e7\u00f5es diferenciadas ao longo do dia, com DJ, simuladores de corrida, \u00e1rea para crian\u00e7as, ativa\u00e7\u00f5es diversas, pra\u00e7a de alimenta\u00e7\u00e3o e sess\u00e3o de aut\u00f3grafos.<\/p>\n\n\n\n<p>Como destaque a apresenta\u00e7\u00e3o de Vintage Culture, o show acontece na pista de corrida do S\u00e3o Paulo e-Prix e todos os ingressos de arquibancada d\u00e3o acesso ao espet\u00e1culo.<\/p>\n\n\n\n<p>Os ingressos para o E-Prix de S\u00e3o Paulo est\u00e3o \u00e0 venda e podem ser adquiridos pelo site da Fever, com pre\u00e7os a partir de R$ 150 no site:\u00a0<a href=\"https:\/\/feverup.com\/m\/195745\" target=\"_blank\" rel=\"noreferrer noopener\">https:\/\/feverup.com\/m\/195745<\/a> <\/p>\n","protected":false},"excerpt":{"rendered":"<p>A F\u00f3rmula E, corrida de carros el\u00e9tricos, volta a S\u00e3o Paulo de novo este ano, agora para a abertura da 11\u00aa temporada, no Distrito Anhembi, dia 7 de dezembro de 2024. A pista que percorre o Samb\u00f3dromo ser\u00e1 o palco do in\u00edcio da etapa, marcando a estreia do novo modelo de carro de corrida: o [&hellip;]<\/p>\n","protected":false},"author":2,"featured_media":3935,"comment_status":"open","ping_status":"open","sticky":false,"template":"","format":"standard","meta":{"footnotes":""},"categories":[23],"tags":[],"class_list":{"0":"post-3934","1":"post","2":"type-post","3":"status-publish","4":"format-standard","5":"has-post-thumbnail","7":"category-feirasdenegocios"},"_links":{"self":[{"href":"https:\/\/tveventos.tv.br\/index.php?rest_route=\/wp\/v2\/posts\/3934","targetHints":{"allow":["GET"]}}],"collection":[{"href":"https:\/\/tveventos.tv.br\/index.php?rest_route=\/wp\/v2\/posts"}],"about":[{"href":"https:\/\/tveventos.tv.br\/index.php?rest_route=\/wp\/v2\/types\/post"}],"author":[{"embeddable":true,"href":"https:\/\/tveventos.tv.br\/index.php?rest_route=\/wp\/v2\/users\/2"}],"replies":[{"embeddable":true,"href":"https:\/\/tveventos.tv.br\/index.php?rest_route=%2Fwp%2Fv2%2Fcomments&post=3934"}],"version-history":[{"count":1,"href":"https:\/\/tveventos.tv.br\/index.php?rest_route=\/wp\/v2\/posts\/3934\/revisions"}],"predecessor-version":[{"id":3936,"href":"https:\/\/tveventos.tv.br\/index.php?rest_route=\/wp\/v2\/posts\/3934\/revisions\/3936"}],"wp:featuredmedia":[{"embeddable":true,"href":"https:\/\/tveventos.tv.br\/index.php?rest_route=\/wp\/v2\/media\/3935"}],"wp:attachment":[{"href":"https:\/\/tveventos.tv.br\/index.php?rest_route=%2Fwp%2Fv2%2Fmedia&parent=3934"}],"wp:term":[{"taxonomy":"category","embeddable":true,"href":"https:\/\/tveventos.tv.br\/index.php?rest_route=%2Fwp%2Fv2%2Fcategories&post=3934"},{"taxonomy":"post_tag","embeddable":true,"href":"https:\/\/tveventos.tv.br\/index.php?rest_route=%2Fwp%2Fv2%2Ftags&post=3934"}],"curies":[{"name":"wp","href":"https:\/\/api.w.org\/{rel}","templated":true}]}}