{"id":3937,"date":"2024-11-13T10:55:36","date_gmt":"2024-11-13T13:55:36","guid":{"rendered":"https:\/\/tveventos.tv.br\/?p=3937"},"modified":"2024-11-13T10:55:38","modified_gmt":"2024-11-13T13:55:38","slug":"mercado-interno-garante-crescimento-do-setor-calcadista-para-2025","status":"publish","type":"post","link":"https:\/\/tveventos.tv.br\/?p=3937","title":{"rendered":"Mercado interno garante crescimento do setor cal\u00e7adista para 2025"},"content":{"rendered":"\n<p>O mercado dom\u00e9stico brasileiro, que absorve mais de 85% das vendas da ind\u00fastria cal\u00e7adista nacional, deve garantir o crescimento da produ\u00e7\u00e3o do setor para 2024 e 2025. Esse e assuntos como a concorr\u00eancia desleal com os cal\u00e7ados asi\u00e1ticos, as plataformas internacionais de e-commerce foram abordados na coletiva de imprensa da 3\u00aa edi\u00e7\u00e3o da BFSHOW. O evento, que teve in\u00edcio ontem (11), acontece at\u00e9 amanh\u00e3 (13) no Distrito Anhembi, em S\u00e3o Paulo\/SP.<\/p>\n\n\n\n<p>Frisando o crescimento da produ\u00e7\u00e3o de cal\u00e7ados entre janeiro e setembro deste ano \u2013 conforme o IBGE de 4,8% \u2013 , o presidente-executivo da Associa\u00e7\u00e3o Brasileira das Ind\u00fastrias de Cal\u00e7ados (Abical\u00e7ados), Haroldo Ferreira, destacou que o mercado interno deve garantir o crescimento da atividade para 2024 \u2013 estimativa de mais de 3% \u2013 e para 2025 \u2013 proje\u00e7\u00e3o de cerca de 2% de crescimento. \u201cCom isso, em 2025 devemos recuperar as perdas da pandemia, que causou uma ruptura no setor. Neste ano, devemos encerrar com uma produ\u00e7\u00e3o de mais de 890 milh\u00f5es de pares de cal\u00e7ados, passando para at\u00e9 904 milh\u00f5es de pares produzidos no pr\u00f3ximo ano \u2013 em 2019, a produ\u00e7\u00e3o havia sido de 898 milh\u00f5es de pares.<\/p>\n\n\n\n<p><strong>Concorr\u00eancia desleal<\/strong><br>O dirigente ressaltou, ainda, que o crescimento da ind\u00fastria cal\u00e7adista poderia ser ainda mais expressivo, caso n\u00e3o fosse a concorr\u00eancia desleal imposta pelos cal\u00e7ados asi\u00e1ticos e pelas plataformas internacionais de e-commerce. \u201cEm 2024, devemos encerrar com uma queda de cerca de 20% nas exporta\u00e7\u00f5es e crescimento de mais de 20% nas importa\u00e7\u00f5es de cal\u00e7ados, puxada pelos pa\u00edses asi\u00e1ticos. S\u00e3o produtos que chegam ao mercado brasileiro com pre\u00e7os abaixo dos praticados no mercado e que concorrem de forma predat\u00f3ria com a nossa ind\u00fastria\u201d, pontuou. Segundo ele, a Abical\u00e7ados est\u00e1 trabalhando para agregar no mecanismo antidumping \u2013 hoje em voga contra o cal\u00e7ado chin\u00eas, que paga sobretaxa de US$ 10,22 para entrar no Brasil \u2013 Vietn\u00e3 e Indon\u00e9sia. \u201cHoje, a produ\u00e7\u00e3o chinesa est\u00e1 migrando para pa\u00edses pr\u00f3ximos com custos ainda menores de m\u00e3o de obra, que seguem praticando dumping\u201d, acrescentou.<\/p>\n\n\n\n<p><strong>Feira<\/strong><br>Na sequ\u00eancia, o CEO da N\u00fcrnbergMesse Brasil, Jo\u00e3o Paulo Picolo, destacou o crescimento da BFSHOW, embalada pelo incremento produtivo e pelo aumento da demanda no mercado interno brasileiro. \u201cTemos aqui uma feira que mostra a for\u00e7a do setor cal\u00e7adista brasileiro. S\u00e3o 238 estandes e mais de 330 marcas de cal\u00e7ados em um espa\u00e7o total de 25 mil metros quadrados\u201d, contou. Com a previs\u00e3o de receber mais de 10 mil compradores nacionais e de outros 60 pa\u00edses, a BFSHOW \u00e9, hoje, a principal feira de cal\u00e7ados da Am\u00e9rica do Sul.<\/p>\n\n\n\n<p><strong>Internacional<\/strong><br>A coordenadora de Ind\u00fastria e Servi\u00e7os da Ag\u00eancia Brasileira de Promo\u00e7\u00e3o de Exporta\u00e7\u00f5es e Investimentos (ApexBrasil), Mariele Christ, destacou a internacionaliza\u00e7\u00e3o da BFSHOW, que conta com dois projetos da Abical\u00e7ados em conjunto com a Ag\u00eancia, por meio do programa Brazilian Footwear. \u201cO Brazilian Footwear, renovado no in\u00edcio do ano, garante mais de R$ 32 milh\u00f5es em investimentos para o fomento das exporta\u00e7\u00f5es brasileiras de cal\u00e7ados no bi\u00eanio\u201d, disse. Na 3\u00aa edi\u00e7\u00e3o da feira, est\u00e3o sendo realizados o Projeto Comprador, com 26 compradores internacionais de 16 pa\u00edses, e o Projeto Imagem, com cinco jornalistas de Angola, Chile, Col\u00f4mbia, Alemanha e Emirados \u00c1rabes Unidos. Somando com o total de compradores trazidos em esfor\u00e7o conjunto pela BFSHOW e as duas entidades, s\u00e3o mais de 180 importadores de todos os continentes.<\/p>\n\n\n\n<p><strong>Desafios<\/strong><br>Participando da coletiva, Pedro Bartelle, CEO da Vulcabras, principal produtora de cal\u00e7ados esportivos do Brasil, destacou o problema da falsifica\u00e7\u00e3o, mostrando um exemplar \u201cpirata\u201d de t\u00eanis Olympikus. \u201cA ind\u00fastria brasileira tem muitos problemas, com rela\u00e7\u00e3o \u00e0 concorr\u00eancia desleal, alta carga tribut\u00e1ria e custo com m\u00e3o de obra, que \u00e9, pelo menos, 40% maior do que o praticado nos pa\u00edses asi\u00e1ticos. A falsifica\u00e7\u00e3o \u00e9 outro grave problema dessa lista\u201d, disse.<\/p>\n\n\n\n<p>Participaram da coletiva de imprensa, tamb\u00e9m, o presidente da Cal\u00e7ados Beira Rio, Roberto Argenta; a diretora de Cria\u00e7\u00e3o da World Colors, Vania Castilho Mestriner; o diretor comercial da Grendene, Paulo Barth; o diretor Comercial da Marina Mello, Rodrigo Martins; e o gerente Comercial da Democrata, Marcelo Paludetto.<\/p>\n\n\n\n<p><strong>DADOS DO SETOR<\/strong><\/p>\n\n\n\n<p>PRODU\u00c7\u00c3O 2024 (proje\u00e7\u00e3o): 882 milh\u00f5es a 893 milh\u00f5es de pares (crescimento entre 1,9% e 3,2% ante 2023)<\/p>\n\n\n\n<p>PRODU\u00c7\u00c3O 2025 (proje\u00e7\u00e3o): 897 milh\u00f5es de pares e 904 milh\u00f5es de pares (crescimento entre 1,1% e 1,9%)<\/p>\n\n\n\n<p>EMPREGO DIRETOS AT\u00c9 SETEMBRO 2024: 294,8 mil (+14,6 mil empregos criados no ano, mas com estoque ainda 2,1% inferior ao do mesmo per\u00edodo de 2023)<\/p>\n\n\n\n<p>EXPORTA\u00c7\u00c3O AT\u00c9 OUTUBRO 2024: 81,2 milh\u00f5es de pares, -20,7% no comparativo com mesmo per\u00edodo de 2023<\/p>\n\n\n\n<p>EXPORTA\u00c7\u00c3O 2024 (proje\u00e7\u00e3o): 95,6 milh\u00f5es de pares e 101,2 milh\u00f5es de pares (-19,2% e -14,5% ante 2023)<\/p>\n\n\n\n<p>IMPORTA\u00c7\u00c3O AT\u00c9 OUTUBRO 2024: 29,8 milh\u00f5es de pares, +20,9% em rela\u00e7\u00e3o ao mesmo per\u00edodo de 2023 (tr\u00eas pa\u00edses asi\u00e1ticos, China, Vietn\u00e3 e Indon\u00e9sia respondem por cerca de 80% desse volume)<\/p>\n\n\n\n<p><\/p>\n","protected":false},"excerpt":{"rendered":"<p>O mercado dom\u00e9stico brasileiro, que absorve mais de 85% das vendas da ind\u00fastria cal\u00e7adista nacional, deve garantir o crescimento da produ\u00e7\u00e3o do setor para 2024 e 2025. Esse e assuntos como a concorr\u00eancia desleal com os cal\u00e7ados asi\u00e1ticos, as plataformas internacionais de e-commerce foram abordados na coletiva de imprensa da 3\u00aa edi\u00e7\u00e3o da BFSHOW. O [&hellip;]<\/p>\n","protected":false},"author":2,"featured_media":3938,"comment_status":"open","ping_status":"open","sticky":false,"template":"","format":"standard","meta":{"footnotes":""},"categories":[23],"tags":[],"class_list":{"0":"post-3937","1":"post","2":"type-post","3":"status-publish","4":"format-standard","5":"has-post-thumbnail","7":"category-feirasdenegocios"},"_links":{"self":[{"href":"https:\/\/tveventos.tv.br\/index.php?rest_route=\/wp\/v2\/posts\/3937","targetHints":{"allow":["GET"]}}],"collection":[{"href":"https:\/\/tveventos.tv.br\/index.php?rest_route=\/wp\/v2\/posts"}],"about":[{"href":"https:\/\/tveventos.tv.br\/index.php?rest_route=\/wp\/v2\/types\/post"}],"author":[{"embeddable":true,"href":"https:\/\/tveventos.tv.br\/index.php?rest_route=\/wp\/v2\/users\/2"}],"replies":[{"embeddable":true,"href":"https:\/\/tveventos.tv.br\/index.php?rest_route=%2Fwp%2Fv2%2Fcomments&post=3937"}],"version-history":[{"count":1,"href":"https:\/\/tveventos.tv.br\/index.php?rest_route=\/wp\/v2\/posts\/3937\/revisions"}],"predecessor-version":[{"id":3939,"href":"https:\/\/tveventos.tv.br\/index.php?rest_route=\/wp\/v2\/posts\/3937\/revisions\/3939"}],"wp:featuredmedia":[{"embeddable":true,"href":"https:\/\/tveventos.tv.br\/index.php?rest_route=\/wp\/v2\/media\/3938"}],"wp:attachment":[{"href":"https:\/\/tveventos.tv.br\/index.php?rest_route=%2Fwp%2Fv2%2Fmedia&parent=3937"}],"wp:term":[{"taxonomy":"category","embeddable":true,"href":"https:\/\/tveventos.tv.br\/index.php?rest_route=%2Fwp%2Fv2%2Fcategories&post=3937"},{"taxonomy":"post_tag","embeddable":true,"href":"https:\/\/tveventos.tv.br\/index.php?rest_route=%2Fwp%2Fv2%2Ftags&post=3937"}],"curies":[{"name":"wp","href":"https:\/\/api.w.org\/{rel}","templated":true}]}}