{"id":3940,"date":"2024-11-14T17:49:03","date_gmt":"2024-11-14T20:49:03","guid":{"rendered":"https:\/\/tveventos.tv.br\/?p=3940"},"modified":"2024-11-14T17:49:06","modified_gmt":"2024-11-14T20:49:06","slug":"professional-fair-nova-feira-da-beauty-fair-acontecera-pela-primeira-vez-no-rio-de-janeiro","status":"publish","type":"post","link":"https:\/\/tveventos.tv.br\/?p=3940","title":{"rendered":"Professional Fair, nova feira da Beauty Fair, acontecer\u00e1 pela primeira vez no Rio de Janeiro\u00a0"},"content":{"rendered":"\n<p class=\"has-text-align-center\">A maior plataforma de neg\u00f3cios e conte\u00fado do mercado de beleza das Am\u00e9ricas expande ganhando mais uma localidade.<\/p>\n\n\n\n<p>Entre os dias 19 e 21 de outubro de 2025, o Rio de Janeiro se tornar\u00e1 o epicentro do setor de beleza e est\u00e9tica no Brasil com a Professional Fair.<\/p>\n\n\n\n<p>Realizada pela primeira vez na Cidade Maravilhosa, e organizada pela Beauty Fair, a maior plataforma de neg\u00f3cios e conte\u00fado para o mercado de beleza das Am\u00e9ricas, esta edi\u00e7\u00e3o simboliza um marco no crescimento do setor, entre as principais feiras e abrindo novas possibilidades para profissionais, marcas e neg\u00f3cios.&nbsp;<\/p>\n\n\n\n<p>Com o Rio de Janeiro como o segundo maior mercado de consumo de beleza no pa\u00eds e um dos estados com mais neg\u00f3cios ativos no segmento, ao lado de S\u00e3o Paulo e Minas Gerais, a escolha da cidade \u00e9 estrat\u00e9gica. Al\u00e9m disso, ap\u00f3s v\u00e1rios anos sem receber feiras de neg\u00f3cios voltada ao setor, o estado encontra na Professional Fair como uma oportunidade imperd\u00edvel de se conectar a novas tend\u00eancias, inova\u00e7\u00e3o e gera\u00e7\u00e3o de neg\u00f3cios, fortalecendo ainda mais o mercado local.&nbsp;<\/p>\n\n\n\n<p>A escolha do Rio de Janeiro reflete o potencial que a cidade oferece, aliando o cen\u00e1rio carioca com a inova\u00e7\u00e3o e a expertise do setor.&nbsp;<em>\u201c<\/em>Trazer a Professional Fair para o Rio de Janeiro \u00e9 um passo estrat\u00e9gico muito importante. O Rio tem uma conex\u00e3o forte com a beleza, moda e estilo de vida, e realizar o evento na cidade vai potencializar a experi\u00eancia de todos os participantes\u201d, destaca Cesar Tsukuda, diretor geral da Beauty Fair.&nbsp;<\/p>\n\n\n\n<p>O evento ser\u00e1 realizado no ExpoMag, localizado na Cidade Nova, \u00e9 um espa\u00e7o multiuso pronto para atender diversas demandas e, que oferece a infraestrutura ideal para receber o p\u00fablico. A programa\u00e7\u00e3o inclui palestras, workshops, congressos especializados e exposi\u00e7\u00f5es de grandes marcas, garantindo uma experi\u00eancia completa para esteticistas, cabeleireiros, maquiadores, manicures, empreendedores e gestores que buscam atualiza\u00e7\u00e3o sobre as \u00faltimas tend\u00eancias e tecnologias, al\u00e9m da chance de expandir suas redes de contato.&nbsp;<\/p>\n\n\n\n<p>Com uma expectativa de 30 mil visitantes e 150 expositores, a Professional Fair \u2013 Rio de Janeiro 2025 trar\u00e1 um abrangente programa educacional composto por 9 congressos especializados em \u00e1reas como cabelo, maquiagem, manicure, est\u00e9tica, gest\u00e3o, extens\u00e3o de c\u00edlios e micropigmenta\u00e7\u00e3o, com a participa\u00e7\u00e3o de 1.200 congressistas.&nbsp;<\/p>\n\n\n\n<p>A&nbsp;<a href=\"https:\/\/negociosdebeleza.beautyfair.com.br\/monamie-e-shopping-dos-cosmeticos-revelam-como-estao-avancando-no-uso-de-dados\/\">Monamie Cosm\u00e9ticos<\/a>, rede de perfumarias com 16 unidades no Rio de Janeiro, ser\u00e1 um dos parceiros do evento e ter\u00e1 um espa\u00e7o de venda de produtos, com muitas novidades e promo\u00e7\u00f5es.&nbsp;<\/p>\n\n\n\n<p>A Professional Fair 2025 tamb\u00e9m promete movimentar o turismo local, atraindo visitantes nacionais e internacionais, gerando um impacto positivo na economia da cidade. A edi\u00e7\u00e3o da Professional Fair ser\u00e1 realizada tamb\u00e9m em Belo Horizonte, com previs\u00e3o de expans\u00e3o para outras cidades at\u00e9 2027, consolidando-se como um evento essencial para profissionais e marcas do setor de beleza.&nbsp;<\/p>\n","protected":false},"excerpt":{"rendered":"<p>A maior plataforma de neg\u00f3cios e conte\u00fado do mercado de beleza das Am\u00e9ricas expande ganhando mais uma localidade. Entre os dias 19 e 21 de outubro de 2025, o Rio de Janeiro se tornar\u00e1 o epicentro do setor de beleza e est\u00e9tica no Brasil com a Professional Fair. Realizada pela primeira vez na Cidade Maravilhosa, [&hellip;]<\/p>\n","protected":false},"author":2,"featured_media":3941,"comment_status":"open","ping_status":"open","sticky":false,"template":"","format":"standard","meta":{"footnotes":""},"categories":[23],"tags":[],"class_list":{"0":"post-3940","1":"post","2":"type-post","3":"status-publish","4":"format-standard","5":"has-post-thumbnail","7":"category-feirasdenegocios"},"_links":{"self":[{"href":"https:\/\/tveventos.tv.br\/index.php?rest_route=\/wp\/v2\/posts\/3940","targetHints":{"allow":["GET"]}}],"collection":[{"href":"https:\/\/tveventos.tv.br\/index.php?rest_route=\/wp\/v2\/posts"}],"about":[{"href":"https:\/\/tveventos.tv.br\/index.php?rest_route=\/wp\/v2\/types\/post"}],"author":[{"embeddable":true,"href":"https:\/\/tveventos.tv.br\/index.php?rest_route=\/wp\/v2\/users\/2"}],"replies":[{"embeddable":true,"href":"https:\/\/tveventos.tv.br\/index.php?rest_route=%2Fwp%2Fv2%2Fcomments&post=3940"}],"version-history":[{"count":1,"href":"https:\/\/tveventos.tv.br\/index.php?rest_route=\/wp\/v2\/posts\/3940\/revisions"}],"predecessor-version":[{"id":3942,"href":"https:\/\/tveventos.tv.br\/index.php?rest_route=\/wp\/v2\/posts\/3940\/revisions\/3942"}],"wp:featuredmedia":[{"embeddable":true,"href":"https:\/\/tveventos.tv.br\/index.php?rest_route=\/wp\/v2\/media\/3941"}],"wp:attachment":[{"href":"https:\/\/tveventos.tv.br\/index.php?rest_route=%2Fwp%2Fv2%2Fmedia&parent=3940"}],"wp:term":[{"taxonomy":"category","embeddable":true,"href":"https:\/\/tveventos.tv.br\/index.php?rest_route=%2Fwp%2Fv2%2Fcategories&post=3940"},{"taxonomy":"post_tag","embeddable":true,"href":"https:\/\/tveventos.tv.br\/index.php?rest_route=%2Fwp%2Fv2%2Ftags&post=3940"}],"curies":[{"name":"wp","href":"https:\/\/api.w.org\/{rel}","templated":true}]}}