{"id":3949,"date":"2024-11-14T18:30:31","date_gmt":"2024-11-14T21:30:31","guid":{"rendered":"https:\/\/tveventos.tv.br\/?p=3949"},"modified":"2024-11-14T18:30:31","modified_gmt":"2024-11-14T21:30:31","slug":"congresso-reatech-debate-importancia-das-politicas-de-inclusao-e-acessibilidade","status":"publish","type":"post","link":"https:\/\/tveventos.tv.br\/?p=3949","title":{"rendered":"Congresso Reatech debate import\u00e2ncia das pol\u00edticas de inclus\u00e3o e acessibilidade"},"content":{"rendered":"\n<p class=\"has-text-align-center\"><em>Entre os dias 21 e 22 de novembro, evento mostrar\u00e1 caminhos para aumentar a inclus\u00e3o e a participa\u00e7\u00e3o de pessoas com defici\u00eancia<\/em>.<\/p>\n\n\n\n<p>A Reatech deste ano, que tamb\u00e9m sediar\u00e1 a Expo Brasil Paral\u00edmpico, ter\u00e1 um Congresso voltado ao debate sobre pr\u00e1ticas e pol\u00edticas ESG (Ambiental, Social e de Governan\u00e7a) com foco anticapacitista. O encontro, que tem a curadoria da Consolidar Diversidade nos Neg\u00f3cios, acontecer\u00e1 nos dias 21 e 22 de novembro, enquanto as feiras se estendem entre os dias 20 a 23 de novembro, no S\u00e3o Paulo Expo, na capital paulista.<\/p>\n\n\n\n<p>\u201cO tema da inclus\u00e3o, da acessibilidade e a reabilita\u00e7\u00e3o ainda podem ser melhorados no Brasil e a Reatech \u00e9 pioneira, abrindo espa\u00e7o para a discuss\u00e3o com profundidade. Infelizmente, boa parte das empresas ainda n\u00e3o percebeu a import\u00e2ncia da quest\u00e3o, preferindo pagar a multa do que fazer a implementa\u00e7\u00e3o. O Congresso ser\u00e1 um palco extremamente importante para tocar nessa ferida em busca de solu\u00e7\u00f5es sustent\u00e1veis, inclusive para contaminar positivamente as empresas, a sociedade e o poder p\u00fablico\u201d, afirma Samuel Hugo de Lima, presidente do TRT-15 (Tribunal Regional do Trabalho).<\/p>\n\n\n\n<p>Samuel ser\u00e1 um dos integrantes do segundo painel sobre \u201cO Futuro dos Direitos e do Acesso \u00e0s Pol\u00edticas P\u00fablicas: Construindo Comunidades e Redes Sustent\u00e1veis com Empresas e Organiza\u00e7\u00f5es P\u00fablicas Anticapacitistas\u201d, que acontece das 16h20 \u00e0s 18h50 do dia 22. O debate ter\u00e1 a media\u00e7\u00e3o de Carlos Alberto Crispim e a presen\u00e7a de Ricardo Tadeu Marques da Fonseca, Desembargador do TRT-9 e o primeiro juiz cego do Brasil, e Cl\u00e1udio Mascarenhas Brand\u00e3o, Ministro do Tribunal Superior do Trabalho (TST). A participa\u00e7\u00e3o completa est\u00e1&nbsp;<a href=\"https:\/\/reatechbrasil.com.br\/16\/congresso-reatech\/?utm_source=google&amp;utm_medium=cpc&amp;utm_campaign=inscricao_congresso&amp;utm_id=REATECH2024&amp;gad_source=1&amp;gclid=EAIaIQobChMI5Ju4_OfUiQMVeNYWBR0RbTtXEAAYASAAEgLc1_D_BwE\" target=\"_blank\" rel=\"noreferrer noopener\"><u>neste link<\/u><\/a>.<\/p>\n\n\n\n<p>\u201cVou tratar do papel da Justi\u00e7a do Trabalho para condenar as empresas que descumprem a legisla\u00e7\u00e3o. Nossa legisla\u00e7\u00e3o \u00e9 boa, mas, infelizmente, n\u00e3o est\u00e1 sendo aplicada corretamente. Temos comiss\u00f5es internas de acessibilidade e inclus\u00e3o, com o objetivo de demonstrar de forma pedag\u00f3gica as empresas que vale a pena dar \u00e0s oportunidades, inclusive para se beneficiar na melhoria da consci\u00eancia e da cultura interna dos seus empregados, encontrando verdadeiras joias raras para as atividades certas ap\u00f3s a pr\u00e9via adapta\u00e7\u00e3o. Internamente, o tribunal tamb\u00e9m tem mudado com a adi\u00e7\u00e3o de normas para inclus\u00e3o de servidores com defici\u00eancias aparentes ou normas para instala\u00e7\u00e3o de f\u00f3runs\u201d, diz Lima.<\/p>\n\n\n\n<p><br>Segundo o especialista, o tema da integra\u00e7\u00e3o vinha sendo deixado em segundo plano e fazendo com que essas pessoas sejam exclu\u00eddas totalmente da sociedade. Atualmente, \u00f3rg\u00e3os governamentais, empresas e cidad\u00e3os est\u00e3o progredindo, ainda que em passos lentos. Para ele, a participa\u00e7\u00e3o do judici\u00e1rio na conscientiza\u00e7\u00e3o e condena\u00e7\u00e3o dos que descumprem a norma \u00e9 um passo fundamental.<\/p>\n\n\n\n<p><br>\u201cA minha sogra teve um vizinho com defici\u00eancias aparentes, e quando ele escapava, a rua entrava em desespero, apesar de ser uma pessoa que n\u00e3o colocava risco algum. Minha neta, por exemplo, recebe na escola pr\u00e1ticas sobre inclus\u00e3o e n\u00e3o tem esse tipo de preconceito. H\u00e1 cerca de 40 anos, esses cidad\u00e3os eram deixados trancados no quarto, e hoje podem fazer parte da sociedade de forma mais natural\u201d, concluiu o presidente do TRT-15.<\/p>\n\n\n\n<p><strong>Programa\u00e7\u00e3o<\/strong><\/p>\n\n\n\n<p><strong>21\/11, \u00e0s 10h30 &#8211;&nbsp;<\/strong>Plen\u00e1ria Reatech com o tema: ESG e a Luta Anticapacitista: a Acessibilidade como Pilar Essencial para a Sustentabilidade.<\/p>\n\n\n\n<p><strong>21\/11, \u00e0s 14h30 &#8211;&nbsp;<\/strong>Talks Reatech com o tema: Lideran\u00e7as Anticapacitistas e a Sustentabilidade Humana: Com Quem Estamos Construindo o Futuro do ESG?<\/p>\n\n\n\n<p><strong>21\/11, \u00e0s 16h50 &#8211;&nbsp;<\/strong>Painel Reatech com o tema: ESG para Quem? Transforma\u00e7\u00e3o Social e Rela\u00e7\u00e3o entre Empresas e Organiza\u00e7\u00f5es Sociais<\/p>\n\n\n\n<p><strong>22\/11, \u00e0s 10h30 &#8211;&nbsp;<\/strong>Plen\u00e1ria Reatech com o tema: ESG e o Futuro do Impacto Social: Como Estamos Construindo Comunidades e Redes Sustent\u00e1veis?<\/p>\n\n\n\n<p><strong>22\/11, \u00e0s 14h30 &#8211;&nbsp;<\/strong>Talks Reatech com o tema: Acessibilidade e Educa\u00e7\u00e3o Corporativa: Reconfigurando a Cultura Organizacional para o Sucesso do ESG<\/p>\n\n\n\n<p><strong>22\/11, \u00e0s 16h20 &#8211;&nbsp;<\/strong>Painel Reatech com o tema: O Futuro dos Direitos e do Acesso \u00e0s Pol\u00edticas P\u00fablicas: Construindo Comunidades e Redes Sustent\u00e1veis com Empresas e Organiza\u00e7\u00f5es P\u00fablicas Anticapacitistas.<\/p>\n\n\n\n<p><strong>Expo Brasil Paral\u00edmpico<\/strong><\/p>\n\n\n\n<p>O Comit\u00ea Paral\u00edmpico Brasileiro (CPB) realizar\u00e1, juntamente com a Reatech, a 1\u00aa edi\u00e7\u00e3o da Expo Brasil Paral\u00edmpico. O CPB e confedera\u00e7\u00f5es v\u00e3o exibir uma gama de atividades e informa\u00e7\u00f5es destinadas a promover o esporte e a gerar neg\u00f3cios para o segmento. Ser\u00e3o realizadas demonstra\u00e7\u00f5es de diversas modalidades esportivas adaptadas, permitindo que os visitantes experimentem a pr\u00e1tica desses esportes, al\u00e9m de encontro com atletas paral\u00edmpicos.<br>&nbsp;<\/p>\n\n\n\n<p>O CPB tamb\u00e9m aproveitar\u00e1 a oportunidade para destacar o papel fundamental dos programas de desenvolvimento esportivo em todo o pa\u00eds. Haver\u00e1 ainda a realiza\u00e7\u00e3o do&nbsp;<strong>VII Congresso Paradesportivo Internacional<\/strong>, direcionado a estudantes e profissionais que trabalham ou t\u00eam o desejo de trabalhar com o esporte paral\u00edmpico. A inscri\u00e7\u00e3o pode ser feita neste&nbsp;<a href=\"https:\/\/congressoparadesportivo.cpb.org.br\/index.php\" target=\"_blank\" rel=\"noreferrer noopener\"><u>link<\/u><\/a>.<\/p>\n\n\n\n<p><strong>Servi\u00e7o:<\/strong><\/p>\n\n\n\n<p><strong>Reatech Brasil 2024 \u2013 Feira Internacional de Inclus\u00e3o, Acessibilidade e Reabilita\u00e7\u00e3o<\/strong><\/p>\n\n\n\n<p>Data: 20 a 23 de novembro<\/p>\n\n\n\n<p>Hor\u00e1rio: das 10h \u00e0s 19h<\/p>\n\n\n\n<p>Local: S\u00e3o Paulo Expo<\/p>\n\n\n\n<p>Endere\u00e7o: Rodovia dos Imigrantes, 1,5 km \u2013 Vila \u00c1gua Funda, S\u00e3o Paulo \u2013 SP<\/p>\n\n\n\n<p>Mais informa\u00e7\u00f5es&nbsp;<a href=\"https:\/\/reatechbrasil.com.br\/16\/\" target=\"_blank\" rel=\"noreferrer noopener\"><u>neste link<\/u><\/a>.<\/p>\n\n\n\n<p>Fotos da edi\u00e7\u00e3o de 2023 acesse&nbsp;<a href=\"https:\/\/reatechbrasil.com.br\/16\/galeria-2023\/\" target=\"_blank\" rel=\"noreferrer noopener\"><u>aqui<\/u><\/a><\/p>\n\n\n\n<p><strong>Sobre a Fiera Milano Brasil<\/strong><\/p>\n\n\n\n<p>A Fiera Milano Brasil \u00e9 a filial brasileira da Fiera Milano, um dos maiores players de feiras e congressos do mundo que a cada ano atraem aproximadamente 30 mil expositores e mais de cinco milh\u00f5es de visitantes. No Brasil, s\u00e3o realizadas dez feiras que representam os mais diversos segmentos da economia, como seguran\u00e7a, energias limpas e renov\u00e1veis, tubos e conex\u00f5es, cabos, sa\u00fade no trabalho, tecnologias em reabilita\u00e7\u00e3o, inclus\u00e3o e acessibilidade, entre outras. Entre as principais marcas do portf\u00f3lio est\u00e3o Exposec, FISP, Fire Show, Congresso Ecoenergy, Tubotech, wire Brasil, Fruit Attraction S\u00e3o Paulo, em parceria com IFEMA Madrid, Reatech + Expo Brasil Paral\u00edmpico, em parceria com o Comit\u00ea Paral\u00edmpico Brasileiro (CPB), Esquadria Show, em parceria com N\u00fcrnbergMesse Brasil, TranspoQuip e ExpoParking em parceria com a BMComm. Mais informa\u00e7\u00f5es acesse<a href=\"https:\/\/www.fieramilanobrasil.com.br\/\" target=\"_blank\" rel=\"noreferrer noopener\">aqui<\/a><\/p>\n","protected":false},"excerpt":{"rendered":"<p>Entre os dias 21 e 22 de novembro, evento mostrar\u00e1 caminhos para aumentar a inclus\u00e3o e a participa\u00e7\u00e3o de pessoas com defici\u00eancia. A Reatech deste ano, que tamb\u00e9m sediar\u00e1 a Expo Brasil Paral\u00edmpico, ter\u00e1 um Congresso voltado ao debate sobre pr\u00e1ticas e pol\u00edticas ESG (Ambiental, Social e de Governan\u00e7a) com foco anticapacitista. O encontro, que [&hellip;]<\/p>\n","protected":false},"author":2,"featured_media":3951,"comment_status":"open","ping_status":"open","sticky":false,"template":"","format":"standard","meta":{"footnotes":""},"categories":[1],"tags":[],"class_list":{"0":"post-3949","1":"post","2":"type-post","3":"status-publish","4":"format-standard","5":"has-post-thumbnail","7":"category-workshopsepalestras"},"_links":{"self":[{"href":"https:\/\/tveventos.tv.br\/index.php?rest_route=\/wp\/v2\/posts\/3949","targetHints":{"allow":["GET"]}}],"collection":[{"href":"https:\/\/tveventos.tv.br\/index.php?rest_route=\/wp\/v2\/posts"}],"about":[{"href":"https:\/\/tveventos.tv.br\/index.php?rest_route=\/wp\/v2\/types\/post"}],"author":[{"embeddable":true,"href":"https:\/\/tveventos.tv.br\/index.php?rest_route=\/wp\/v2\/users\/2"}],"replies":[{"embeddable":true,"href":"https:\/\/tveventos.tv.br\/index.php?rest_route=%2Fwp%2Fv2%2Fcomments&post=3949"}],"version-history":[{"count":1,"href":"https:\/\/tveventos.tv.br\/index.php?rest_route=\/wp\/v2\/posts\/3949\/revisions"}],"predecessor-version":[{"id":3952,"href":"https:\/\/tveventos.tv.br\/index.php?rest_route=\/wp\/v2\/posts\/3949\/revisions\/3952"}],"wp:featuredmedia":[{"embeddable":true,"href":"https:\/\/tveventos.tv.br\/index.php?rest_route=\/wp\/v2\/media\/3951"}],"wp:attachment":[{"href":"https:\/\/tveventos.tv.br\/index.php?rest_route=%2Fwp%2Fv2%2Fmedia&parent=3949"}],"wp:term":[{"taxonomy":"category","embeddable":true,"href":"https:\/\/tveventos.tv.br\/index.php?rest_route=%2Fwp%2Fv2%2Fcategories&post=3949"},{"taxonomy":"post_tag","embeddable":true,"href":"https:\/\/tveventos.tv.br\/index.php?rest_route=%2Fwp%2Fv2%2Ftags&post=3949"}],"curies":[{"name":"wp","href":"https:\/\/api.w.org\/{rel}","templated":true}]}}