{"id":3953,"date":"2024-11-18T10:45:46","date_gmt":"2024-11-18T13:45:46","guid":{"rendered":"https:\/\/tveventos.tv.br\/?p=3953"},"modified":"2024-11-18T10:45:49","modified_gmt":"2024-11-18T13:45:49","slug":"workshop-na-btff-vai-promover-o-empreendedorismo-na-carreira-do-personal-trainer","status":"publish","type":"post","link":"https:\/\/tveventos.tv.br\/?p=3953","title":{"rendered":"Workshop na BTFF vai promover o empreendedorismo na carreira do personal trainer"},"content":{"rendered":"\n<p class=\"has-text-align-center\"><em>S\u00e9rie de palestras promovidas pela Academia Brasileira de Personal Trainers,com entrada gratuita, ter\u00e1 palco no dia 24, a partir das 11h; a 6\u00aa edi\u00e7\u00e3o da BTFF acontece entre 22 e 24 de novembro, em S\u00e3o Paulo<\/em><\/p>\n\n\n\n<p>A fun\u00e7\u00e3o do personal trainer no aux\u00edlio do condicionamento e da atividade f\u00edsica das pessoas, e consequentemente na qualidade de vida, cresceu muito de import\u00e2ncia no Brasil. H\u00e1 mais de 100 mil profissionais qualificados, segundo dados do Conselho Federal de Educa\u00e7\u00e3o F\u00edsica, dentro de um mercado em expans\u00e3o.<\/p>\n\n\n\n<p>O workshop \u201cO Mercado de Personal Trainer \u2013 Passado, Presente e Futuro\u201d, que acontece no dia 24 de novembro, das 11h \u00e0s 18h, na programa\u00e7\u00e3o da 6\u00aa edi\u00e7\u00e3o da BTFF 2024 \u2013 Brasil Trading Fitness Fair, vai abordar temas de grande relev\u00e2ncia como desafios e oportunidades profissionais, empreendedorismo, desenvolvimento de carreira, reabilita\u00e7\u00e3o f\u00edsica para idosos, tecnologias dispon\u00edveis para a fun\u00e7\u00e3o entre outros. (Confira&nbsp;<a href=\"https:\/\/btff.com.br\/programacao-por-evento\/\" target=\"_blank\" rel=\"noreferrer noopener\">AQUI<\/a>&nbsp;a programa\u00e7\u00e3o completa)<\/p>\n\n\n\n<p>A BTFF acontece entre os&nbsp;dias 22 e 24 de novembro, no Expo Center Norte, em S\u00e3o Paulo, e \u00e9 organizada pelo IEG Brasil, subsidi\u00e1ria do Italian Exhibition Group.<\/p>\n\n\n\n<p>Com realiza\u00e7\u00e3o da Academia Brasileira de Personal Trainers (ABPT), o workshop, fruto da parceria com a BTFF, traz especialistas de v\u00e1rios segmentos da Educa\u00e7\u00e3o F\u00edsica para abordar diferentes aspectos da carreira de personal trainer. O evento \u00e9 gratuito, sem necessidade de fazer inscri\u00e7\u00e3o pr\u00e9via. Al\u00e9m dos profissionais de Educa\u00e7\u00e3o F\u00edsica, podem participar atletas, esportistas, praticantes de atividade f\u00edsica, estudantes de Educa\u00e7\u00e3o F\u00edsica e&nbsp;demais interessados.&nbsp;<\/p>\n\n\n\n<p>De acordo com a ABPT, os participantes v\u00e3o conhecer a evolu\u00e7\u00e3o hist\u00f3rica do mercado, as tend\u00eancias atuais e futuras da profiss\u00e3o, al\u00e9m de obter novos conhecimentos para um desenvolvimento profissional s\u00f3lido e sustent\u00e1vel, alinhado \u00e0s demandas do mercado e \u00e0s expectativas dos clientes.<\/p>\n\n\n\n<p>Bia Fa\u00e9, especialista em exerc\u00edcio na gesta\u00e7\u00e3o e di\u00e1stase abdominal, ser\u00e1 uma das palestrantes, com o tema \u201cSegmenta\u00e7\u00e3o e Constru\u00e7\u00e3o de uma Identidade Profissional\u201d, \u00e0s 13h. Ela vai falar da import\u00e2ncia de construir uma identidade s\u00f3lida como profissional de educa\u00e7\u00e3o f\u00edsica, especialmente diante das transforma\u00e7\u00f5es sociais e tecnol\u00f3gicas.<\/p>\n\n\n\n<p>\u201cInicialmente falo da constru\u00e7\u00e3o da identidade profissional como alicerce de uma carreira, a partir da combina\u00e7\u00e3o da percep\u00e7\u00e3o do mundo atual e suas mudan\u00e7as. Em um segundo momento, proponho apresentar a trajet\u00f3ria e a constru\u00e7\u00e3o de minha identidade profissional na forma\u00e7\u00e3o e excel\u00eancia no campo espec\u00edfico: di\u00e1stase abdominal\u201d, adiantou Bia.<\/p>\n\n\n\n<p>Com o tema \u201cA evolu\u00e7\u00e3o do personal trainer: de um nicho a uma profissional essencial \u2013 reabilita\u00e7\u00e3o f\u00edsica para idosos\u201d, Cristiane Mota, especialista em reabilita\u00e7\u00e3o no Hospital das Cl\u00ednicas de S\u00e3o Paulo, vai tratar do papel do personal trainer na preven\u00e7\u00e3o e tratamento de diversas doen\u00e7as cr\u00f4nicas em idosos.&nbsp;<\/p>\n\n\n\n<p>\u201cA gente sabe que o exerc\u00edcio para a pessoa idosa \u00e9 muito importante, e a cada dia que passa temos mais pessoas vivendo mais. At\u00e9 2030 j\u00e1 \u00e9 sabido que teremos 2 bilh\u00f5es de idosos, e o Brasil vai ser o 5\u00ba pa\u00eds no mundo com mais gente nessa faixa et\u00e1ria. O exerc\u00edcio f\u00edsico \u00e9 o que traz autonomia e reabilita a mobilidade dos idosos, e \u00e9 por isso que o papel do personal trainer faz a diferen\u00e7a\u201d, destacou Cristiane.<\/p>\n\n\n\n<p><strong>Confira os temas das palestras:<\/strong><\/p>\n\n\n\n<ul class=\"wp-block-list\">\n<li><strong>11h: \u2018Todo passo conta para sua sa\u00fade\u2019<\/strong>, com Jo\u00e3o Pedro Junior, diretor Executivo e Pesquisador da Celafiscs (Centro de Estudos do Laborat\u00f3rio de Aptid\u00e3o F\u00edsica de S\u00e3o Caetano do Sul);<\/li>\n\n\n\n<li><strong>12h: \u2018O personal trainer como empreendedor: desafios e oportunidades\u2019,\u00a0<\/strong>com Claudia Arouca, presidente da ABPT;<\/li>\n\n\n\n<li><strong>13h: \u2018Segmenta\u00e7\u00e3o e constru\u00e7\u00e3o de uma identidade profissional\u2019,\u00a0<\/strong>com Bia Fa\u00e9, especialista em Gestantes e Di\u00e1stase Abdominal;<\/li>\n\n\n\n<li><strong>14h: \u2018Tecnologia e personal training: uma parceria inovadora\u2019,\u00a0<\/strong>com Leonardo Farah, especialista em Avalia\u00e7\u00e3o F\u00edsica e Prescri\u00e7\u00e3o de Exerc\u00edcio para Popula\u00e7\u00f5es Especiais;<\/li>\n\n\n\n<li><strong>15h: \u2018A evolu\u00e7\u00e3o do personal trainer: de um nicho a uma profissional essencial \u2013 reabilita\u00e7\u00e3o f\u00edsica para idosos\u2019,\u00a0<\/strong>com Cristiane Mota, especialista em reabilita\u00e7\u00e3o no Hospital das Cl\u00ednicas de S\u00e3o Paulo<strong>;<\/strong><\/li>\n\n\n\n<li><strong>16h: \u2018Al\u00e9m da linha de chegada: o personal trainer como parceiro na jornada do corredor\u2019,\u00a0<\/strong>com Marcos J\u00fanior, especialista em Fisiologia do Exerc\u00edcio;<\/li>\n\n\n\n<li><strong>17h: \u2018O personal trainer como empreendedor no mundo dos eventos\u2019,\u00a0<\/strong>com Matheus Henrique da Silva, CEO da Maratona Oficial de Ribeir\u00e3o Preto.<\/li>\n<\/ul>\n\n\n\n<p><strong>Servi\u00e7o:<br>Brasil Trading Fitness Fair (BTFF)<\/strong><\/p>\n\n\n\n<p><strong>Promo\u00e7\u00e3o\/Realiza\u00e7\u00e3o: IEG Brasil<\/strong><\/p>\n\n\n\n<p><strong>Data:<\/strong>&nbsp;22 a 24 de novembro<br><strong>Hor\u00e1rio:&nbsp;<\/strong>das 10h \u00e0s 20h<\/p>\n\n\n\n<p><strong>Local:<\/strong>&nbsp;Expo Center Norte<br><strong>Endere\u00e7o:<\/strong>&nbsp;Rua Jos\u00e9 Bernardo Pinto, 333 \u2013 Vila Guilherme \u2013 S\u00e3o Paulo \u2013 SP<br><strong>Mais informa\u00e7\u00f5es:<\/strong>&nbsp;<a href=\"https:\/\/btff.com.br\/\" target=\"_blank\" rel=\"noreferrer noopener\">https:\/\/btff.com.br\/<\/a><\/p>\n\n\n\n<p><strong>Servi\u00e7o:<br>Brasil Trading Fitness Fair (BTFF)<\/strong><\/p>\n\n\n\n<p><strong>Promo\u00e7\u00e3o\/Realiza\u00e7\u00e3o: IEG Brasil<\/strong><\/p>\n\n\n\n<p><strong>Data:<\/strong>&nbsp;22 a 24 de novembro<br><strong>Hor\u00e1rio:&nbsp;<\/strong>das 10h \u00e0s 20h<\/p>\n\n\n\n<p><strong>Local:<\/strong>&nbsp;Expo Center Norte<br><strong>Endere\u00e7o:<\/strong>&nbsp;Rua Jos\u00e9 Bernardo Pinto, 333 \u2013 Vila Guilherme \u2013 S\u00e3o Paulo \u2013 SP<br><strong>Mais informa\u00e7\u00f5es:<\/strong>&nbsp;<a href=\"https:\/\/btff.com.br\/\" target=\"_blank\" rel=\"noreferrer noopener\">https:\/\/btff.com.br\/<\/a><\/p>\n\n\n\n<p><strong>Sobre a ABPT \u2013 Academia Brasileira de Personal Trainers<\/strong><\/p>\n\n\n\n<p>Entidade nacional sem fins lucrativos, com sede na cidade de Passos, Minas Gerais, a entidade tem entre seus objetivos promover o desenvolvimento da sociedade, atrav\u00e9s de a\u00e7\u00f5es que estimulem a pr\u00e1tica de atividades f\u00edsicas, a melhoria da sa\u00fade da popula\u00e7\u00e3o, a difus\u00e3o de novas estrat\u00e9gias por meio de treinamentos e solu\u00e7\u00f5es para a sociedade, para o poder p\u00fablico e para os profissionais do mercado. Al\u00e9m disso, incentiva e reconhece a forma\u00e7\u00e3o e aperfei\u00e7oamento de estudantes, profissionais e especialistas. Mais informa\u00e7\u00f5es:&nbsp;<a href=\"http:\/\/www.abpt.com.br\/\" target=\"_blank\" rel=\"noreferrer noopener\">www.abpt.com.br<\/a><\/p>\n\n\n\n<p><strong>Sobre o IEG&nbsp;<\/strong><\/p>\n\n\n\n<p>Em 2022, o IEG \u2013 Italian Exhibition Group,&nbsp;&nbsp;um dos principais organizadores de feiras e congressos da Europa, iniciou as opera\u00e7\u00f5es no Brasil com o objetivo de expandir sua atua\u00e7\u00e3o no pa\u00eds com o grupo IEG Brasil. Atualmente, onze feiras integram o portf\u00f3lio da empresa voltadas aos segmentos de fitness, sa\u00fade, bem-estar, esquadrias, tratamento de superf\u00edcie, geotecnologia, drones, espacial, facilities e constru\u00e7\u00e3o: BTFF \u2013 Brasil Trading Fitness Fair, Fesqua, Fesqua Vetro, Ebrats, Feipat, DroneShow, MundoGEO Connect, SpaceBR, e-VTOL, Expo InfraFM e SCB-Br.<\/p>\n\n\n\n<p>O IEG \u2013 Italian Exhibition Group, listado na Bolsa de Mil\u00e3o, se consolidou como l\u00edder na organiza\u00e7\u00e3o de feiras de neg\u00f3cios e congressos na It\u00e1lia e \u00e9 conhecido por sua atua\u00e7\u00e3o em seis categorias:&nbsp;Alimentos &amp; Bebidas; Joalheria &amp; Moda; Bem-Estar, Esporte &amp; Lazer; Turismo &amp; Hospitalidade; Lifestyle &amp; Inova\u00e7\u00e3o; Ambiente &amp; Tecnologia. Hoje, o grupo \u00e9 respons\u00e1vel pela organiza\u00e7\u00e3o de mais de 50 feiras e 190 eventos e congressos.&nbsp; Nos \u00faltimos anos, deu in\u00edcio a um processo de expans\u00e3o no exterior, com aquisi\u00e7\u00f5es e parcerias estrat\u00e9gicas em pa\u00edses como Estados Unidos, Emirados \u00c1rabes, China e Brasil.&nbsp; Em 2023, a empresa faturou \u20ac 212.4 milh\u00f5es, valor 32% maior que o ano anterior, com EBITDA de \u20ac 49.5 milh\u00f5es. Mais informa\u00e7\u00f5es:&nbsp;<a href=\"http:\/\/www.iegexpo.it\/\" target=\"_blank\" rel=\"noreferrer noopener\">www.iegexpo.it\/<\/a><\/p>\n","protected":false},"excerpt":{"rendered":"<p>S\u00e9rie de palestras promovidas pela Academia Brasileira de Personal Trainers,com entrada gratuita, ter\u00e1 palco no dia 24, a partir das 11h; a 6\u00aa edi\u00e7\u00e3o da BTFF acontece entre 22 e 24 de novembro, em S\u00e3o Paulo A fun\u00e7\u00e3o do personal trainer no aux\u00edlio do condicionamento e da atividade f\u00edsica das pessoas, e consequentemente na qualidade [&hellip;]<\/p>\n","protected":false},"author":2,"featured_media":3954,"comment_status":"open","ping_status":"open","sticky":false,"template":"","format":"standard","meta":{"footnotes":""},"categories":[1],"tags":[],"class_list":{"0":"post-3953","1":"post","2":"type-post","3":"status-publish","4":"format-standard","5":"has-post-thumbnail","7":"category-workshopsepalestras"},"_links":{"self":[{"href":"https:\/\/tveventos.tv.br\/index.php?rest_route=\/wp\/v2\/posts\/3953","targetHints":{"allow":["GET"]}}],"collection":[{"href":"https:\/\/tveventos.tv.br\/index.php?rest_route=\/wp\/v2\/posts"}],"about":[{"href":"https:\/\/tveventos.tv.br\/index.php?rest_route=\/wp\/v2\/types\/post"}],"author":[{"embeddable":true,"href":"https:\/\/tveventos.tv.br\/index.php?rest_route=\/wp\/v2\/users\/2"}],"replies":[{"embeddable":true,"href":"https:\/\/tveventos.tv.br\/index.php?rest_route=%2Fwp%2Fv2%2Fcomments&post=3953"}],"version-history":[{"count":1,"href":"https:\/\/tveventos.tv.br\/index.php?rest_route=\/wp\/v2\/posts\/3953\/revisions"}],"predecessor-version":[{"id":3955,"href":"https:\/\/tveventos.tv.br\/index.php?rest_route=\/wp\/v2\/posts\/3953\/revisions\/3955"}],"wp:featuredmedia":[{"embeddable":true,"href":"https:\/\/tveventos.tv.br\/index.php?rest_route=\/wp\/v2\/media\/3954"}],"wp:attachment":[{"href":"https:\/\/tveventos.tv.br\/index.php?rest_route=%2Fwp%2Fv2%2Fmedia&parent=3953"}],"wp:term":[{"taxonomy":"category","embeddable":true,"href":"https:\/\/tveventos.tv.br\/index.php?rest_route=%2Fwp%2Fv2%2Fcategories&post=3953"},{"taxonomy":"post_tag","embeddable":true,"href":"https:\/\/tveventos.tv.br\/index.php?rest_route=%2Fwp%2Fv2%2Ftags&post=3953"}],"curies":[{"name":"wp","href":"https:\/\/api.w.org\/{rel}","templated":true}]}}