{"id":3956,"date":"2024-11-18T15:23:36","date_gmt":"2024-11-18T18:23:36","guid":{"rendered":"https:\/\/tveventos.tv.br\/?p=3956"},"modified":"2024-11-18T15:23:40","modified_gmt":"2024-11-18T18:23:40","slug":"bahia-se-torna-a-capital-mundial-do-hidrogenio-nos-dias-21-e-22-de-novembro-de-2024","status":"publish","type":"post","link":"https:\/\/tveventos.tv.br\/?p=3956","title":{"rendered":"Bahia se torna a capital mundial do hidrog\u00eanio nos dias 21 e 22 de novembro de 2024"},"content":{"rendered":"\n<p class=\"has-text-align-center\">Principal evento do setor de Hidrog\u00eanio na Am\u00e9rica Latina desembarca em Salvador-BA reunindo alguns dos principais players e especialistas em n\u00edvel mundial.<\/p>\n\n\n\n<p>Com a aprova\u00e7\u00e3o do marco regulat\u00f3rio do hidrog\u00eanio de baixo carbono, \u00e9 a hora de conhecer o que tem sido feito para preparar as pessoas para atuar neste mercado e de participar do maior evento do setor no pa\u00eds.<\/p>\n\n\n\n<p>Al\u00e9m do conte\u00fado de alt\u00edssimo n\u00edvel, os participantes poder\u00e3o conhecer de perto as principais tecnologias, tend\u00eancias e oportunidades do setor de Hidrog\u00eanio no Brasil!<\/p>\n\n\n\n<p>Para Gabriel Lassery, representante da Associa\u00e7\u00e3o Brasileira do Hidrog\u00eanio: \u201cA escolha da Bahia como sede \u00e9 estrat\u00e9gica, devido \u00e0s oportunidades no setor, aos recursos energ\u00e9ticos abundantes e \u00e0 m\u00e3o de obra qualificada no estado. [&#8230;] Estamos comprometidos em fortalecer o di\u00e1logo entre os setores p\u00fablico, privado e acad\u00eamico, promovendo a coopera\u00e7\u00e3o e a implementa\u00e7\u00e3o de pol\u00edticas que consolidem o Brasil como protagonista no cen\u00e1rio global do hidrog\u00eanio\u201d complementa Lassery.<\/p>\n\n\n\n<p>Organizado pelo Grupo FRG M\u00eddias &amp; Eventos, em parceria com o Governo do Estado da Bahia e o SENAI-CIMATEC, o evento contar\u00e1, n\u00e3o somente com palestras internacionais, mas com temas de extrema relev\u00e2ncia e alt\u00edssimo n\u00edvel, como, por exemplo: O papel do Hidrog\u00eanio de baixo carbono na transi\u00e7\u00e3o energ\u00e9tica do estado da Bahia; Planejamento e Pol\u00edticas P\u00fablicas para o avan\u00e7o do setor; entre outros.<\/p>\n\n\n\n<p>No F\u00f3rum tamb\u00e9m estar\u00e3o presen\u00e7as de peso para o setor, dentre eles: Jer\u00f4nimo Rodrigues, Governador do estado da Bahia; Eduardo Sodr\u00e9, Secret\u00e1rio do meio ambiente do estado da Bahia; Andr\u00e9 Joazeiro, Secret\u00e1rio da ci\u00eancia, tecnologia e inova\u00e7\u00e3o do estado da Bahia; Carlos Henrique Passos, Presidente da Federa\u00e7\u00e3o das Ind\u00fastrias do estado da Bahia; Paulo Guimar\u00e3es, Presidente do BAHIAINVESTE; Tiago Ivanosk Teixeira, Diretor da Empresa de Pesquisa Energ\u00e9tica; Luiz Gavazza, Presidente da BAHIAG\u00c1S; e Pedro Henrique Kool, CEO da GUOFUHEE, patrocinadora anfitri\u00e3 do evento.<\/p>\n\n\n\n<p>Acesse aqui: https:\/\/www.forumhidrogenio.com\/ para conferir a programa\u00e7\u00e3o completa e todos os grandes nomes que estar\u00e3o presentes!<\/p>\n\n\n\n<p>\u201cEsperamos que esse evento possa contribuir de forma efetiva, para o desenvolvimento do Brasil onde a sua excel\u00eancia a possibilidade de estarem discutindo e engajados para que venha se concretizar e venha se tornar uma fonte de express\u00e3o dentro da matriz energ\u00e9tica nacional, bem como deve gerar mais de 200 milh\u00f5es em neg\u00f3cios\u201d pontua Tiago Fraga, CEO do GRUPO FRG M\u00eddias &amp; Eventos.<\/p>\n\n\n\n<p>O Grupo FRG e o Governo do Estado da Bahia convidam voc\u00ea a participar desta incr\u00edvel oportunidade!<br>Inscreva-se aqui -&gt; https:\/\/doity.com.br\/forumhidrogenio2024<\/p>\n\n\n\n<p>&#8212;&#8211;<br>Servi\u00e7o:<br>Site: https:\/\/www.forumhidrogenio.com\/<br>Insta: @forumhidrogenio<br>O que: 4\u00aa edi\u00e7\u00e3o do F\u00f3rum e Feira Internacional do Hidrog\u00eanio;<br>Onde: SENAI\/CIMATEC &#8211; Av. Orlando Gomes, 1845, Piat\u00e3, Salvador\/BA;<br>Quando: 21 e 22 de novembro<\/p>\n","protected":false},"excerpt":{"rendered":"<p>Principal evento do setor de Hidrog\u00eanio na Am\u00e9rica Latina desembarca em Salvador-BA reunindo alguns dos principais players e especialistas em n\u00edvel mundial. Com a aprova\u00e7\u00e3o do marco regulat\u00f3rio do hidrog\u00eanio de baixo carbono, \u00e9 a hora de conhecer o que tem sido feito para preparar as pessoas para atuar neste mercado e de participar do [&hellip;]<\/p>\n","protected":false},"author":2,"featured_media":3957,"comment_status":"open","ping_status":"open","sticky":false,"template":"","format":"standard","meta":{"footnotes":""},"categories":[23],"tags":[],"class_list":{"0":"post-3956","1":"post","2":"type-post","3":"status-publish","4":"format-standard","5":"has-post-thumbnail","7":"category-feirasdenegocios"},"_links":{"self":[{"href":"https:\/\/tveventos.tv.br\/index.php?rest_route=\/wp\/v2\/posts\/3956","targetHints":{"allow":["GET"]}}],"collection":[{"href":"https:\/\/tveventos.tv.br\/index.php?rest_route=\/wp\/v2\/posts"}],"about":[{"href":"https:\/\/tveventos.tv.br\/index.php?rest_route=\/wp\/v2\/types\/post"}],"author":[{"embeddable":true,"href":"https:\/\/tveventos.tv.br\/index.php?rest_route=\/wp\/v2\/users\/2"}],"replies":[{"embeddable":true,"href":"https:\/\/tveventos.tv.br\/index.php?rest_route=%2Fwp%2Fv2%2Fcomments&post=3956"}],"version-history":[{"count":1,"href":"https:\/\/tveventos.tv.br\/index.php?rest_route=\/wp\/v2\/posts\/3956\/revisions"}],"predecessor-version":[{"id":3958,"href":"https:\/\/tveventos.tv.br\/index.php?rest_route=\/wp\/v2\/posts\/3956\/revisions\/3958"}],"wp:featuredmedia":[{"embeddable":true,"href":"https:\/\/tveventos.tv.br\/index.php?rest_route=\/wp\/v2\/media\/3957"}],"wp:attachment":[{"href":"https:\/\/tveventos.tv.br\/index.php?rest_route=%2Fwp%2Fv2%2Fmedia&parent=3956"}],"wp:term":[{"taxonomy":"category","embeddable":true,"href":"https:\/\/tveventos.tv.br\/index.php?rest_route=%2Fwp%2Fv2%2Fcategories&post=3956"},{"taxonomy":"post_tag","embeddable":true,"href":"https:\/\/tveventos.tv.br\/index.php?rest_route=%2Fwp%2Fv2%2Ftags&post=3956"}],"curies":[{"name":"wp","href":"https:\/\/api.w.org\/{rel}","templated":true}]}}