{"id":3959,"date":"2024-11-18T16:24:35","date_gmt":"2024-11-18T19:24:35","guid":{"rendered":"https:\/\/tveventos.tv.br\/?p=3959"},"modified":"2024-11-18T16:24:37","modified_gmt":"2024-11-18T19:24:37","slug":"expo-franchising-abf-rio-2024-trouxe-boas-perspectivas-de-negocios","status":"publish","type":"post","link":"https:\/\/tveventos.tv.br\/?p=3959","title":{"rendered":"Expo Franchising ABF Rio 2024 trouxe boas perspectivas de neg\u00f3cios"},"content":{"rendered":"\n<p>Entre os dias 7 e 9 de novembro, o RioCentro, no Rio de Janeiro, foi palco da maior feira de franquias do Estado, a 17\u00aa edi\u00e7\u00e3o da Expo Franchising ABF Rio.<\/p>\n\n\n\n<p>Com mais de 100 marcas expositoras, o evento reafirmou sua import\u00e2ncia no setor, reunindo empres\u00e1rios, investidores e profissionais interessados em oportunidades promissoras no universo das franquias.<\/p>\n\n\n\n<p>Com um p\u00fablico de mais de 13 mil visitantes, sendo 20% a mais do que na edi\u00e7\u00e3o anterior, a feira atraiu leads qualificados e excelentes perspectivas de neg\u00f3cios para os expositores.<\/p>\n\n\n\n<p>Os n\u00fameros expressivos do evento refletem o crescimento robusto do mercado de franquias do Pa\u00eds, que registrou um aumento de 13,2% no faturamento no primeiro semestre de 2024 frente a igual per\u00edodo do ano passado, somando R$ 11,7 bilh\u00f5es.<\/p>\n\n\n\n<p>De acordo com a Associa\u00e7\u00e3o Brasileira de Franchising (ABF), esse desempenho ressalta a atratividade do setor, que segue em franca expans\u00e3o, mesmo diante de desafios econ\u00f4micos.<\/p>\n\n\n\n<p>\u201cO setor de franchising tem demonstrado uma not\u00e1vel resili\u00eancia diante dos desafios econ\u00f4micos da nossa regi\u00e3o\u201d, disse o presidente da ABF Rio, Clodoaldo Nascimento.<\/p>\n\n\n\n<p>\u201cA capacidade de adapta\u00e7\u00e3o das franquias, especialmente nas \u00e1reas do Grande Rio, Sul Fluminense e Regi\u00e3o dos Lagos, \u00e9 uma prova de seu papel fundamental no desenvolvimento econ\u00f4mico sustent\u00e1vel\u201d, acrescentou.<\/p>\n\n\n\n<p>\u201cNesta 17\u00aa edi\u00e7\u00e3o, promovemos inova\u00e7\u00e3o e crescimento n\u00e3o s\u00f3 para o mercado de franquias, mas tamb\u00e9m para a economia como um todo\u201d, concluiu.<\/p>\n\n\n\n<p>De acordo com os organizadores, a Expo Franchising ABF Rio 2024 movimentou mais de 120 milh\u00f5es de reais em neg\u00f3cios ao longo dos tr\u00eas dias de evento.<\/p>\n\n\n\n<p>\u201cEncerramos esta edi\u00e7\u00e3o com saldo positivo, reafirmando seu papel como uma plataforma estrat\u00e9gica para impulsionar o empreendedorismo e fortalecer o mercado de franquias no Brasil\u201d, finalizou Clodoaldo.<\/p>\n","protected":false},"excerpt":{"rendered":"<p>Entre os dias 7 e 9 de novembro, o RioCentro, no Rio de Janeiro, foi palco da maior feira de franquias do Estado, a 17\u00aa edi\u00e7\u00e3o da Expo Franchising ABF Rio. Com mais de 100 marcas expositoras, o evento reafirmou sua import\u00e2ncia no setor, reunindo empres\u00e1rios, investidores e profissionais interessados em oportunidades promissoras no universo [&hellip;]<\/p>\n","protected":false},"author":2,"featured_media":3960,"comment_status":"open","ping_status":"open","sticky":false,"template":"","format":"standard","meta":{"footnotes":""},"categories":[23],"tags":[],"class_list":{"0":"post-3959","1":"post","2":"type-post","3":"status-publish","4":"format-standard","5":"has-post-thumbnail","7":"category-feirasdenegocios"},"_links":{"self":[{"href":"https:\/\/tveventos.tv.br\/index.php?rest_route=\/wp\/v2\/posts\/3959","targetHints":{"allow":["GET"]}}],"collection":[{"href":"https:\/\/tveventos.tv.br\/index.php?rest_route=\/wp\/v2\/posts"}],"about":[{"href":"https:\/\/tveventos.tv.br\/index.php?rest_route=\/wp\/v2\/types\/post"}],"author":[{"embeddable":true,"href":"https:\/\/tveventos.tv.br\/index.php?rest_route=\/wp\/v2\/users\/2"}],"replies":[{"embeddable":true,"href":"https:\/\/tveventos.tv.br\/index.php?rest_route=%2Fwp%2Fv2%2Fcomments&post=3959"}],"version-history":[{"count":1,"href":"https:\/\/tveventos.tv.br\/index.php?rest_route=\/wp\/v2\/posts\/3959\/revisions"}],"predecessor-version":[{"id":3961,"href":"https:\/\/tveventos.tv.br\/index.php?rest_route=\/wp\/v2\/posts\/3959\/revisions\/3961"}],"wp:featuredmedia":[{"embeddable":true,"href":"https:\/\/tveventos.tv.br\/index.php?rest_route=\/wp\/v2\/media\/3960"}],"wp:attachment":[{"href":"https:\/\/tveventos.tv.br\/index.php?rest_route=%2Fwp%2Fv2%2Fmedia&parent=3959"}],"wp:term":[{"taxonomy":"category","embeddable":true,"href":"https:\/\/tveventos.tv.br\/index.php?rest_route=%2Fwp%2Fv2%2Fcategories&post=3959"},{"taxonomy":"post_tag","embeddable":true,"href":"https:\/\/tveventos.tv.br\/index.php?rest_route=%2Fwp%2Fv2%2Ftags&post=3959"}],"curies":[{"name":"wp","href":"https:\/\/api.w.org\/{rel}","templated":true}]}}