{"id":3962,"date":"2024-11-19T14:58:30","date_gmt":"2024-11-19T17:58:30","guid":{"rendered":"https:\/\/tveventos.tv.br\/?p=3962"},"modified":"2024-11-19T14:58:34","modified_gmt":"2024-11-19T17:58:34","slug":"febratextil-inovacao-e-conexao-para-a-industria-textil","status":"publish","type":"post","link":"https:\/\/tveventos.tv.br\/?p=3962","title":{"rendered":"FebraT\u00eaxtil: Inova\u00e7\u00e3o e Conex\u00e3o para a Ind\u00fastria T\u00eaxtil"},"content":{"rendered":"\n<p><\/p>\n\n\n\n<p>A\u00a0<strong>FebraT\u00eaxtil<\/strong>, que ocorrer\u00e1 de 18 a 20 de fevereiro em S\u00e3o Paulo, \u00e9 um evento indispens\u00e1vel para profissionais, empresas e entusiastas do setor t\u00eaxtil e da moda. Com o objetivo de fortalecer a competitividade da ind\u00fastria, a feira proporcionar\u00e1 um ambiente ideal para a troca de experi\u00eancias, inova\u00e7\u00e3o e neg\u00f3cios, al\u00e9m de servir como uma plataforma essencial para a apresenta\u00e7\u00e3o de solu\u00e7\u00f5es e insumos que atendem \u00e0s demandas de um mercado em constante transforma\u00e7\u00e3o.<\/p>\n\n\n\n<h3 class=\"wp-block-heading\">Conex\u00e3o com o design e a inova\u00e7\u00e3o<\/h3>\n\n\n\n<p>Um dos grandes diferenciais da&nbsp;<strong>FebraT\u00eaxtil<\/strong>&nbsp;\u00e9 sua capacidade de integrar o universo do design de moda com a produ\u00e7\u00e3o t\u00eaxtil. O evento contar\u00e1 com iniciativas como o&nbsp;<strong>Brasil Fashion Designers<\/strong>, que promove a sinergia entre estilistas e fabricantes, estimulando a cria\u00e7\u00e3o de cole\u00e7\u00f5es que refletem as \u00faltimas tend\u00eancias.&nbsp;<\/p>\n\n\n\n<h3 class=\"wp-block-heading\">Networking e oportunidades de neg\u00f3cios<\/h3>\n\n\n\n<p>A feira se destaca como um ponto de encontro estrat\u00e9gico para profissionais de diversos segmentos, oferecendo uma plataforma de networking. Durante os dias do evento, visitantes e expositores ter\u00e3o a oportunidade de estabelecer novas parcerias, compartilhar conhecimentos e expandir suas redes de contato. Com a presen\u00e7a de compradores e vendedores de diferentes partes do mundo, a&nbsp;<strong>FebraT\u00eaxtil<\/strong>&nbsp;contribui para a internacionaliza\u00e7\u00e3o da ind\u00fastria t\u00eaxtil brasileira, ressaltando a import\u00e2ncia do mercado global.<\/p>\n\n\n\n<h3 class=\"wp-block-heading\">Compromisso com a Sustentabilidade<\/h3>\n\n\n\n<p>Alinhada \u00e0s tend\u00eancias contempor\u00e2neas de circularidade de res\u00edduos, o evento ir\u00e1 incentivar a apresenta\u00e7\u00e3o de solu\u00e7\u00f5es que favorecem uma produ\u00e7\u00e3o mais sustent\u00e1vel e a utiliza\u00e7\u00e3o de mat\u00e9rias-primas eco-friendly, apoiando empresas que desejam se adaptar \u00e0s exig\u00eancias de um consumidor cada vez mais consciente.<\/p>\n\n\n\n<h3 class=\"wp-block-heading\">Participe da FebraT\u00eaxtil 2025!<\/h3>\n\n\n\n<p>N\u00e3o perca a oportunidade de fazer parte deste evento transformador. Venha descobrir inova\u00e7\u00f5es, ampliar suas conex\u00f5es e contribuir para o futuro da moda e do setor t\u00eaxtil.<\/p>\n","protected":false},"excerpt":{"rendered":"<p>A\u00a0FebraT\u00eaxtil, que ocorrer\u00e1 de 18 a 20 de fevereiro em S\u00e3o Paulo, \u00e9 um evento indispens\u00e1vel para profissionais, empresas e entusiastas do setor t\u00eaxtil e da moda. Com o objetivo de fortalecer a competitividade da ind\u00fastria, a feira proporcionar\u00e1 um ambiente ideal para a troca de experi\u00eancias, inova\u00e7\u00e3o e neg\u00f3cios, al\u00e9m de servir como uma [&hellip;]<\/p>\n","protected":false},"author":2,"featured_media":3963,"comment_status":"open","ping_status":"open","sticky":false,"template":"","format":"standard","meta":{"footnotes":""},"categories":[23],"tags":[],"class_list":{"0":"post-3962","1":"post","2":"type-post","3":"status-publish","4":"format-standard","5":"has-post-thumbnail","7":"category-feirasdenegocios"},"_links":{"self":[{"href":"https:\/\/tveventos.tv.br\/index.php?rest_route=\/wp\/v2\/posts\/3962","targetHints":{"allow":["GET"]}}],"collection":[{"href":"https:\/\/tveventos.tv.br\/index.php?rest_route=\/wp\/v2\/posts"}],"about":[{"href":"https:\/\/tveventos.tv.br\/index.php?rest_route=\/wp\/v2\/types\/post"}],"author":[{"embeddable":true,"href":"https:\/\/tveventos.tv.br\/index.php?rest_route=\/wp\/v2\/users\/2"}],"replies":[{"embeddable":true,"href":"https:\/\/tveventos.tv.br\/index.php?rest_route=%2Fwp%2Fv2%2Fcomments&post=3962"}],"version-history":[{"count":1,"href":"https:\/\/tveventos.tv.br\/index.php?rest_route=\/wp\/v2\/posts\/3962\/revisions"}],"predecessor-version":[{"id":3964,"href":"https:\/\/tveventos.tv.br\/index.php?rest_route=\/wp\/v2\/posts\/3962\/revisions\/3964"}],"wp:featuredmedia":[{"embeddable":true,"href":"https:\/\/tveventos.tv.br\/index.php?rest_route=\/wp\/v2\/media\/3963"}],"wp:attachment":[{"href":"https:\/\/tveventos.tv.br\/index.php?rest_route=%2Fwp%2Fv2%2Fmedia&parent=3962"}],"wp:term":[{"taxonomy":"category","embeddable":true,"href":"https:\/\/tveventos.tv.br\/index.php?rest_route=%2Fwp%2Fv2%2Fcategories&post=3962"},{"taxonomy":"post_tag","embeddable":true,"href":"https:\/\/tveventos.tv.br\/index.php?rest_route=%2Fwp%2Fv2%2Ftags&post=3962"}],"curies":[{"name":"wp","href":"https:\/\/api.w.org\/{rel}","templated":true}]}}