{"id":3965,"date":"2024-11-19T15:05:06","date_gmt":"2024-11-19T18:05:06","guid":{"rendered":"https:\/\/tveventos.tv.br\/?p=3965"},"modified":"2024-11-19T15:05:09","modified_gmt":"2024-11-19T18:05:09","slug":"comeca-a-feicorte-ponto-de-encontro-da-cadeia-produtiva-da-carne","status":"publish","type":"post","link":"https:\/\/tveventos.tv.br\/?p=3965","title":{"rendered":"Come\u00e7a a Feicorte, ponto de encontro da cadeia produtiva da carne"},"content":{"rendered":"\n<p class=\"has-text-align-center\" id=\"viewer-foo\"><em>Programa\u00e7\u00e3o da feira ter\u00e1 in\u00edcio \u00e0s 9h; abertura oficial ser\u00e1 \u00e0s 15h, com a presen\u00e7a do governador Tarc\u00edsio de Freitas, o secret\u00e1rio de Agricultura e Abastecimento, Guilherme Piai e autoridades locais<\/em>.<\/p>\n\n\n\n<p id=\"viewer-tix3s84\">Come\u00e7a ter\u00e7a-feira (19\/11) a Feicorte 2024 &#8211; Feira Internacional da Cadeia Produtiva da Carne, em Presidente Prudente (SP). &nbsp;A regi\u00e3o, que det\u00e9m o maior rebanho de bovinos do estado de S\u00e3o Paulo, com cerca de 1.600.000 animais, possui um importante polo pecu\u00e1rio e se destaca pela localiza\u00e7\u00e3o log\u00edstica privilegiada com proximidade do Paran\u00e1 e Mato Grosso do Sul. O evento segue at\u00e9 o dia 23 de novembro, no Recinto de Exposi\u00e7\u00f5es Jacob Tosello.<\/p>\n\n\n\n<p id=\"viewer-69axz224\">A programa\u00e7\u00e3o, que ter\u00e1 in\u00edcio \u00e0s 9h, conta com mais de <a target=\"_blank\" href=\"https:\/\/www.feicortesp.com\/post\/f%C3%B3runs-e-simp%C3%B3sio-relacionados-ao-tema-conta-do-boi-marcam-programa%C3%A7%C3%A3o-da-feicorte\" rel=\"noreferrer noopener\">45 palestrantes e 40 horas de conte\u00fado<\/a>, seis leil\u00f5es, <a target=\"_blank\" href=\"https:\/\/www.feicortesp.com\/post\/feicorte-re%C3%BAne-principais-ra%C3%A7as-na-cidade-com-o-maior-rebanho-de-bovinos-do-estado-de-s%C3%A3o-paulo\" rel=\"noreferrer noopener\">exposi\u00e7\u00e3o e julgamentos de mais de 500 animais de 10 ra\u00e7as bovinas<\/a>, mais de 80 empresas, degusta\u00e7\u00e3o e harmoniza\u00e7\u00e3o de produtos artesanais paulistas, desfile de touros, \u00e1rea de demonstra\u00e7\u00e3o de Integra\u00e7\u00e3o Lavoura Pecu\u00e1ria Floresta (ILPF) e Beef Hour.<\/p>\n\n\n\n<p id=\"viewer-9gi7f93\">Nesta ter\u00e7a-feira (19\/11), \u00e0s 15h, ser\u00e1 realiza a cerim\u00f4nia de abertura oficial, que contar\u00e1 com as presen\u00e7as do governador Tarc\u00edsio de Freitas, do secret\u00e1rio de Agricultura e Abastecimento de S\u00e3o Paulo, Guilherme Piai, e de autoridades locais.<\/p>\n\n\n\n<p id=\"viewer-o1vzd285\">Entre os an\u00fancios principais est\u00e3o o lan\u00e7amento do Sistema de Identifica\u00e7\u00e3o Individual e Rastreabilidade de Bovinos e Bubalinos (SIRBOV-SP), da Coordenadoria de Defesa Agropecu\u00e1ria, e a entrega de 502 t\u00edtulos de regulariza\u00e7\u00e3o fundi\u00e1ria para pequenos, m\u00e9dios e grandes produtores rurais, por meio da Funda\u00e7\u00e3o Itesp.<\/p>\n\n\n\n<p id=\"viewer-h58a3341\"><strong>F\u00f3rum Feicorte: a conta do boi<\/strong><\/p>\n\n\n\n<p id=\"viewer-r9jvy99\"><a target=\"_blank\" href=\"https:\/\/www.feicortesp.com\/post\/conta-do-boi-ser%C3%A1-tema-da-feicorte-2024\" rel=\"noreferrer noopener\">\u201cA conta do boi\u201d<\/a>&nbsp;\u00e9 o tema central do F\u00f3rum Feicorte, que contar\u00e1 com palestras abordando todas as fases do ciclo produtivo \u2013 cria, recria, engorda e comercializa\u00e7\u00e3o, destacando em cada uma delas o caminho para produzir um animal com maior efici\u00eancia e lucratividade. O objetivo \u00e9 ajudar os produtores fazerem a \u201cconta do boi\u201d, avaliando se est\u00e1 valendo a pena financeiramente a atividade, tanto \u201cda porteira para dentro\u201d como \u201cda porteira para fora\u201d. Assim, os participantes ter\u00e3o informa\u00e7\u00f5es essenciais para finalizar 2024 de forma positiva e planejar um 2025 promissor.<\/p>\n\n\n\n<p id=\"viewer-7ranj399\"><strong>Beef Hour<\/strong><\/p>\n\n\n\n<p id=\"viewer-hfy2d104\">Aumentar a percep\u00e7\u00e3o dos centros urbanos e dos consumidores em rela\u00e7\u00e3o \u00e0 qualidade e origem da carne brasileira: essa ser\u00e1 a miss\u00e3o da Beef Hour, espa\u00e7o exclusivamente dedicado aos bons projetos de produ\u00e7\u00e3o de carne bovina brasileira, incluindo marcas de sucesso e profissionais que t\u00eam contribu\u00eddo para a jornada da constru\u00e7\u00e3o da carne de qualidade \u2013 desde a produ\u00e7\u00e3o, passando pela ind\u00fastria e pelo varejo, chegando ao consumidor. A curadoria da Beef Hour est\u00e1 a cargo de Roberto Grecell\u00e9.<\/p>\n\n\n\n<p id=\"viewer-ellp1456\">Dentro da agenda da Beef Hour ser\u00e1 poss\u00edvel conferir apresenta\u00e7\u00f5es t\u00e9cnicas e din\u00e2micas feitas por assadores, demonstrando na pr\u00e1tica os melhores cortes ao p\u00fablico. Ao final das apresenta\u00e7\u00f5es, esta\u00e7\u00f5es v\u00e3o servir as iguarias preparadas para que o p\u00fablico conhe\u00e7a, na ponta da l\u00edngua, a qualidade da carne brasileira.<\/p>\n\n\n\n<p id=\"viewer-ydltd512\"><strong>F\u00f3rum Feicorte<\/strong><\/p>\n\n\n\n<p id=\"viewer-7ujfn110\">O F\u00f3rum Feicorte de abertura ter\u00e1 a participa\u00e7\u00e3o do engenheiro agr\u00f4nomo, selecionador de Nelore PO da Fazenda Araponga e fundador da Associa\u00e7\u00e3o Confraria da Carca\u00e7a Nelore (ACCN), Shiro Nishimura, com o tema \u201cSucess\u00e3o, Legado e Pecu\u00e1ria\u201d; o zootecnista e diretor t\u00e9cnico da Pecuarizze, Marco Gambale que fala sobre \u201cO boi que paga a conta\u201d; e o pecuarista e presidente da Associa\u00e7\u00e3o Nacional da Pecu\u00e1ria de Corte (Assocon), Mauricio Velloso que aborda as tend\u00eancias do setor. A media\u00e7\u00e3o fica a cargo da zootecnista e pesquisadora do Instituto de Zootecnia (IZ) do Estado de S\u00e3o Paulo, Renata Branco.<\/p>\n\n\n\n<p id=\"viewer-tt0db569\"><strong>F\u00f3rum Irriga\u00e7\u00e3o<\/strong><\/p>\n\n\n\n<p id=\"viewer-s847k114\">Ainda no dia 19 ser\u00e1 promovido o F\u00f3rum Irriga\u00e7\u00e3o, com as presen\u00e7as do presidente da Rede ILPF e do Conselho de Administra\u00e7\u00e3o da Funda\u00e7\u00e3o de Desenvolvimento da Pesquisa do Agroneg\u00f3cio (Fundepag), Francisco Matturro e do professor de Irriga\u00e7\u00e3o e Drenagem na Universidade Estadual Paulista (Unesp) de Ilha Solteira, Fernando Braz Tangerino Hernandes.<\/p>\n\n\n\n<p id=\"viewer-rti0t626\"><strong>Uma nova marca do agro de S\u00e3o Paulo e F\u00f3rum Febre Aftosa<\/strong><\/p>\n\n\n\n<p id=\"viewer-9h6c2118\">No primeiro dia da Feicorte ser\u00e1 realizado o painel \u201cUma nova marca do agro de S\u00e3o Paulo\u201d, que aborda as vantagens de substituir a marca a fogo e o uso de bottom para identifica\u00e7\u00e3o de animais. Na sequ\u00eancia, o F\u00f3rum Febre Aftosa ter\u00e1 uma mesa-redonda com representantes da Defesa Agropecu\u00e1ria de estados como Paran\u00e1, Mato Grosso do Sul e S\u00e3o Paulo para compartilhar experi\u00eancias da retirada da vacina\u00e7\u00e3o contra a doen\u00e7a.<\/p>\n\n\n\n<p id=\"viewer-562x9683\"><strong>\u00c1rea demonstrativa de ILPF<\/strong><\/p>\n\n\n\n<p id=\"viewer-mi4sa122\">Uma <a target=\"_blank\" href=\"https:\/\/www.feicortesp.com\/post\/%C3%A1rea-demonstrativa-de-sistema-ilpf-ser%C3%A1-uma-das-atra%C3%A7%C3%B5es-na-feicorte-2024\" rel=\"noreferrer noopener\">\u00e1rea demonstrativa do sistema ILPF (Integra\u00e7\u00e3o Lavoura-Pecu\u00e1ria-Floresta)<\/a>&nbsp;estar\u00e1 dispon\u00edvel para visita\u00e7\u00e3o do p\u00fablico durante a Feicorte. Ser\u00e3o dois mil metros quadrados reservados para demonstrar as possibilidades de trabalho com os componentes deste sistema, com exposi\u00e7\u00e3o de tecnologias e solu\u00e7\u00f5es. A iniciativa \u00e9 liderada pela CATI (Coordenadoria de Assist\u00eancia T\u00e9cnica Integral) junto \u00e0 Rede ILPF &#8211; parceria p\u00fablico-privada. O espa\u00e7o demonstrar\u00e1 o sistema com plantio de eucalipto, pastagem e milho consorciado com pastagem, al\u00e9m de uma \u00e1rea com <em>mix<\/em> de aduba\u00e7\u00e3o verde do Departamento de Sementes e Mudas da CATI.<\/p>\n\n\n\n<p id=\"viewer-qyqgw744\"><strong>2\u00ba Simp\u00f3sio ReprodOeste \u2013 Edi\u00e7\u00e3o Matrizes<\/strong><\/p>\n\n\n\n<p id=\"viewer-le9s0130\">A Universidade do Oeste Paulista (Unoeste) promove no dia 22 de novembro o <a target=\"_blank\" href=\"https:\/\/www.feicortesp.com\/post\/unoeste-realiza-2%C2%BA-simp%C3%B3sio-reprodoeste-edi%C3%A7%C3%A3o-matrizes-durante-a-feicorte-2024\" rel=\"noreferrer noopener\">2\u00ba Simp\u00f3sio ReprodOeste \u2013 Edi\u00e7\u00e3o Matrizes<\/a>, com o tema \u201cImpacto da reprodu\u00e7\u00e3o na conta do boi\u201d, organizado pelo grupo de estudos em Reprodu\u00e7\u00e3o Animal da Unoeste (ReprodOeste), que envolve os cursos de gradua\u00e7\u00e3o em Medicina Veterin\u00e1ria e Zootecnia, al\u00e9m de P\u00f3s-gradua\u00e7\u00e3o (mestrado e doutorado em Ci\u00eancia Animal).<\/p>\n\n\n\n<p id=\"viewer-ul60s803\"><strong>Leil\u00e3o Pecu\u00e1ria Solid\u00e1ria<\/strong><\/p>\n\n\n\n<p id=\"viewer-12eoy136\">Uma das atra\u00e7\u00f5es de Feicorte \u00e9 o <a target=\"_blank\" href=\"https:\/\/www.feicortesp.com\/post\/leil%C3%A3o-pecu%C3%A1ria-solid%C3%A1ria-far%C3%A1-parte-da-programa%C3%A7%C3%A3o-da-feicorte-em-novembro\" rel=\"noreferrer noopener\">Leil\u00e3o Pecu\u00e1ria Solid\u00e1ria<\/a>, uma a\u00e7\u00e3o que une diferentes segmentos do agroneg\u00f3cio em prol de arrecada\u00e7\u00e3o de recursos a entidades assistenciais. Esta edi\u00e7\u00e3o do leil\u00e3o, no dia 19 de novembro, vai beneficiar o N\u00facleo Ttre de Trabalho, localizado na cidade de realiza\u00e7\u00e3o do evento.<\/p>\n\n\n\n<p id=\"viewer-28wfw862\"><strong>Leil\u00f5es<\/strong><\/p>\n\n\n\n<p id=\"viewer-bntof142\">Para fomentar os neg\u00f3cios, a Feicorte sedia diversos leil\u00f5es. No dia 20 de novembro, 200 touros Nelore mocho ser\u00e3o ofertados no <a target=\"_blank\" href=\"https:\/\/www.feicortesp.com\/post\/marca-cv-promove-leil%C3%A3o-com-50-touros-na-feicorte\" rel=\"noreferrer noopener\">84\u00ba Leil\u00e3o CV Nelore Mocho<\/a>. No dia 21 de novembro \u00e9 a vez do <a target=\"_blank\" href=\"https:\/\/www.feicortesp.com\/post\/confraria-da-carca%C3%A7a-nelore-realiza-leil%C3%A3o-com-animais-de-alto-padr%C3%A3o-na-feicorte-2024\" rel=\"noreferrer noopener\">Leil\u00e3o Confraria da Carca\u00e7a Nelore<\/a>, com a oferta de touros de exce\u00e7\u00e3o, participantes das Provas de Efici\u00eancia Alimentar da Confraria; f\u00eameas jovens top de safra, com padr\u00f5es da associa\u00e7\u00e3o para serem doadoras de embri\u00f5es e pacote de embri\u00f5es, prenhezes ou aspira\u00e7\u00f5es de doadoras top dos rebanhos dos confrades &#8211; como s\u00e3o chamados os membros do grupo. No dia 23, ocorre o <a target=\"_blank\" href=\"https:\/\/www.feicortesp.com\/post\/feicorte-recebe-leil%C3%A3o-de-quarto-de-milha-e-paint-horse-em-presidente-prudente-sp\" rel=\"noreferrer noopener\">leil\u00e3o de cavalos das ra\u00e7as Quarto de Milha e Paint Horse<\/a>&nbsp;e o <a target=\"_blank\" href=\"https:\/\/www.feicortesp.com\/post\/leil%C3%A3o-mazieiro-oferta-durante-a-feicorte-gen%C3%A9tica-de-ponta-com-foco-na-valoriza%C3%A7%C3%A3o-da-pecu%C3%A1ria-do-o\" rel=\"noreferrer noopener\">Leil\u00e3o Mazieiro<\/a>, promovido pelo Grupo Pecu\u00e1ria Mazieiro com embri\u00f5es, prenhezes e bezerras de gen\u00e9tica de ponta, que buscam resgatar a qualidade da ra\u00e7a Nelore.<\/p>\n\n\n\n<p id=\"viewer-tgy4d927\">A realiza\u00e7\u00e3o da Feicorte \u00e9 da Secretaria de Agricultura e Abastecimento do Estado de S\u00e3o Paulo, com promo\u00e7\u00e3o da Verum. O evento conta com a curadoria de Myia Consultoria e Prado Estrat\u00e9gia para Agroneg\u00f3cio e o patroc\u00ednio de Unoeste, Frigor\u00edfico Bom-mart, Unimed Presidente Prudente, Bradesco, Corteva, Facholi, Gasparim, Premix, Inbra Nutri\u00e7\u00e3o Animal, JBS, Lindsay, Marfrig, Matsuda, MSD Sa\u00fade Animal, Minerva Foods, Nutron Cargill, Semex, Sicoob Credivale, Rede ILPF, SOESP e Sicredi.<\/p>\n\n\n\n<p id=\"viewer-rbh18154\"><strong>SERVI\u00c7O<\/strong><\/p>\n\n\n\n<p id=\"viewer-ct36h156\">Feicorte &#8211; Feira Internacional da Cadeia Produtiva da Carne<\/p>\n\n\n\n<p id=\"viewer-rybf1158\">Data: 19 a 23 de novembro de 2024<\/p>\n\n\n\n<p id=\"viewer-uw37w160\">Local: Recinto de Exposi\u00e7\u00f5es Jacob Tosello, em Presidente Prudente (SP)<\/p>\n\n\n\n<p id=\"viewer-6l7tn162\">Mais informa\u00e7\u00f5es: <a target=\"_blank\" href=\"http:\/\/www.feicortesp.com\/\" rel=\"noreferrer noopener\">www.feicortesp.com<\/a>&nbsp;\/ <a target=\"_blank\" href=\"http:\/\/www.instagram.com\/feicorte\" rel=\"noreferrer noopener\">www.instagram.com\/feicorte<\/a><\/p>\n","protected":false},"excerpt":{"rendered":"<p>Programa\u00e7\u00e3o da feira ter\u00e1 in\u00edcio \u00e0s 9h; abertura oficial ser\u00e1 \u00e0s 15h, com a presen\u00e7a do governador Tarc\u00edsio de Freitas, o secret\u00e1rio de Agricultura e Abastecimento, Guilherme Piai e autoridades locais. Come\u00e7a ter\u00e7a-feira (19\/11) a Feicorte 2024 &#8211; Feira Internacional da Cadeia Produtiva da Carne, em Presidente Prudente (SP). &nbsp;A regi\u00e3o, que det\u00e9m o maior [&hellip;]<\/p>\n","protected":false},"author":2,"featured_media":3966,"comment_status":"open","ping_status":"open","sticky":false,"template":"","format":"standard","meta":{"footnotes":""},"categories":[23],"tags":[],"class_list":{"0":"post-3965","1":"post","2":"type-post","3":"status-publish","4":"format-standard","5":"has-post-thumbnail","7":"category-feirasdenegocios"},"_links":{"self":[{"href":"https:\/\/tveventos.tv.br\/index.php?rest_route=\/wp\/v2\/posts\/3965","targetHints":{"allow":["GET"]}}],"collection":[{"href":"https:\/\/tveventos.tv.br\/index.php?rest_route=\/wp\/v2\/posts"}],"about":[{"href":"https:\/\/tveventos.tv.br\/index.php?rest_route=\/wp\/v2\/types\/post"}],"author":[{"embeddable":true,"href":"https:\/\/tveventos.tv.br\/index.php?rest_route=\/wp\/v2\/users\/2"}],"replies":[{"embeddable":true,"href":"https:\/\/tveventos.tv.br\/index.php?rest_route=%2Fwp%2Fv2%2Fcomments&post=3965"}],"version-history":[{"count":1,"href":"https:\/\/tveventos.tv.br\/index.php?rest_route=\/wp\/v2\/posts\/3965\/revisions"}],"predecessor-version":[{"id":3967,"href":"https:\/\/tveventos.tv.br\/index.php?rest_route=\/wp\/v2\/posts\/3965\/revisions\/3967"}],"wp:featuredmedia":[{"embeddable":true,"href":"https:\/\/tveventos.tv.br\/index.php?rest_route=\/wp\/v2\/media\/3966"}],"wp:attachment":[{"href":"https:\/\/tveventos.tv.br\/index.php?rest_route=%2Fwp%2Fv2%2Fmedia&parent=3965"}],"wp:term":[{"taxonomy":"category","embeddable":true,"href":"https:\/\/tveventos.tv.br\/index.php?rest_route=%2Fwp%2Fv2%2Fcategories&post=3965"},{"taxonomy":"post_tag","embeddable":true,"href":"https:\/\/tveventos.tv.br\/index.php?rest_route=%2Fwp%2Fv2%2Ftags&post=3965"}],"curies":[{"name":"wp","href":"https:\/\/api.w.org\/{rel}","templated":true}]}}