{"id":3969,"date":"2024-11-19T16:24:43","date_gmt":"2024-11-19T19:24:43","guid":{"rendered":"https:\/\/tveventos.tv.br\/?p=3969"},"modified":"2024-11-19T16:24:45","modified_gmt":"2024-11-19T19:24:45","slug":"car-wash-expo","status":"publish","type":"post","link":"https:\/\/tveventos.tv.br\/?p=3969","title":{"rendered":"CAR WASH EXPO"},"content":{"rendered":"\n<p>A CAR WASH EXPO foi idealizada para suprir a necessidade de uma feira profissional espec\u00edfica para o setor de limpeza e est\u00e9tica automotiva, visitantes qualificados e aproximar em um \u00fanico local fornecedores especializados de um p\u00fablico tomador de decis\u00e3o em busca de solu\u00e7\u00f5es para agregar valor aos seus servi\u00e7os.<\/p>\n\n\n\n<h4 class=\"wp-block-heading\">Junte-se a n\u00f3s nos dias 26 a 28 de novembro, das 14h \u00e0s 20h, no S\u00e3o Paulo Expo.<\/h4>\n\n\n\n<h4 class=\"wp-block-heading\">Endere\u00e7o: Rod. dos Imigrantes 5, S\/N, km. 1, S\u00e3o Paulo, SP, 04329-900.<\/h4>\n","protected":false},"excerpt":{"rendered":"<p>A CAR WASH EXPO foi idealizada para suprir a necessidade de uma feira profissional espec\u00edfica para o setor de limpeza e est\u00e9tica automotiva, visitantes qualificados e aproximar em um \u00fanico local fornecedores especializados de um p\u00fablico tomador de decis\u00e3o em busca de solu\u00e7\u00f5es para agregar valor aos seus servi\u00e7os. Junte-se a n\u00f3s nos dias 26 [&hellip;]<\/p>\n","protected":false},"author":2,"featured_media":3970,"comment_status":"open","ping_status":"open","sticky":false,"template":"","format":"standard","meta":{"footnotes":""},"categories":[25],"tags":[],"class_list":{"0":"post-3969","1":"post","2":"type-post","3":"status-publish","4":"format-standard","5":"has-post-thumbnail","7":"category-calendariodeeventos"},"_links":{"self":[{"href":"https:\/\/tveventos.tv.br\/index.php?rest_route=\/wp\/v2\/posts\/3969","targetHints":{"allow":["GET"]}}],"collection":[{"href":"https:\/\/tveventos.tv.br\/index.php?rest_route=\/wp\/v2\/posts"}],"about":[{"href":"https:\/\/tveventos.tv.br\/index.php?rest_route=\/wp\/v2\/types\/post"}],"author":[{"embeddable":true,"href":"https:\/\/tveventos.tv.br\/index.php?rest_route=\/wp\/v2\/users\/2"}],"replies":[{"embeddable":true,"href":"https:\/\/tveventos.tv.br\/index.php?rest_route=%2Fwp%2Fv2%2Fcomments&post=3969"}],"version-history":[{"count":1,"href":"https:\/\/tveventos.tv.br\/index.php?rest_route=\/wp\/v2\/posts\/3969\/revisions"}],"predecessor-version":[{"id":3971,"href":"https:\/\/tveventos.tv.br\/index.php?rest_route=\/wp\/v2\/posts\/3969\/revisions\/3971"}],"wp:featuredmedia":[{"embeddable":true,"href":"https:\/\/tveventos.tv.br\/index.php?rest_route=\/wp\/v2\/media\/3970"}],"wp:attachment":[{"href":"https:\/\/tveventos.tv.br\/index.php?rest_route=%2Fwp%2Fv2%2Fmedia&parent=3969"}],"wp:term":[{"taxonomy":"category","embeddable":true,"href":"https:\/\/tveventos.tv.br\/index.php?rest_route=%2Fwp%2Fv2%2Fcategories&post=3969"},{"taxonomy":"post_tag","embeddable":true,"href":"https:\/\/tveventos.tv.br\/index.php?rest_route=%2Fwp%2Fv2%2Ftags&post=3969"}],"curies":[{"name":"wp","href":"https:\/\/api.w.org\/{rel}","templated":true}]}}