{"id":3972,"date":"2024-11-19T16:31:47","date_gmt":"2024-11-19T19:31:47","guid":{"rendered":"https:\/\/tveventos.tv.br\/?p=3972"},"modified":"2024-11-19T16:31:49","modified_gmt":"2024-11-19T19:31:49","slug":"congresso-fenauto-se-expande-e-agora-e-internacional","status":"publish","type":"post","link":"https:\/\/tveventos.tv.br\/?p=3972","title":{"rendered":"Congresso FENAUTO se expande e agora \u00e9 internacional"},"content":{"rendered":"\n<p>Nos dias 3, 4 e 5 de dezembro acontece, no Expo Center Norte, em S\u00e3o Paulo, a 13\u00aa Edi\u00e7\u00e3o do Congresso FENAUTO, maior evento do setor automotivo do Brasil. A principal novidade para a edi\u00e7\u00e3o deste ano fica para a maior abrang\u00eancia do evento que, agora, passa a ser Internacional, com a presen\u00e7a de representantes estrangeiros para discutir o mercado de ve\u00edculos\u00a0no mundo. Far\u00e3o parte desse painel de discuss\u00f5es\u00a0Jeff Martin (CEO of the National Independent Automobile Dealers Association\u00a0NIADA) \u2013 EUA, Paul Barlow (Managing Director of carsales, part of CAR Group Limited)\u00a0\u2013 Austr\u00e1lia, Eric Iglesias (Asociaci\u00f3n Nacional de Comerciantes de Veh\u00edculos &#8211; Ancove)\u00a0\u2013 Espanha, Enilson Sales (Presidente da Federa\u00e7\u00e3o Nacional das Associa\u00e7\u00f5es de Revendedores de Ve\u00edculos Automotores \u2013 FENAUTO) \u2013 Brasil, e J. R. Caporal (CEO da MegaDealer e Presidente da Auto Avaliar).<\/p>\n\n\n\n<p>Por se consolidar no cen\u00e1rio automotivo como um grande encontro de neg\u00f3cios para o setor, o 13\u00ba Congresso FENAUTO teve ampliada sua \u00e1rea&nbsp;de exposi\u00e7\u00f5es, chegando a 20 mil m<sup>2<\/sup>&nbsp;que abrigar\u00e3o estandes de 70 empresas de servi\u00e7os e produtos ligados ao setor de ve\u00edculos, al\u00e9m de startups com solu\u00e7\u00f5es sob medida para lojistas. A expectativa da FENAUTO \u00e9 a de um novo recorde de visitantes, com 13 mil profissionais vindos de todo o Brasil.<\/p>\n\n\n\n<p>Al\u00e9m disso, o Congresso ter\u00e1 a j\u00e1 tradicional realiza\u00e7\u00e3o de palestras, com mais de 77 apresenta\u00e7\u00f5es na Plen\u00e1ria e Arenas para debates t\u00e9cnicos e tem\u00e1ticos, contando com um rol de nomes importantes de v\u00e1rias \u00e1reas, como:&nbsp;Allan Costa &#8211;&nbsp;co-CEO e s\u00f3cio da ISH Tecnologia e co-fundador da plataforma AAA Inova\u00e7\u00e3o;&nbsp;Arthur Igreja &#8211;&nbsp;co-fundador da plataforma AAA Inova\u00e7\u00e3o e colunista na R\u00e1dio CBN;&nbsp;Luiz Felipe Pond\u00e9 &#8211;&nbsp;Fil\u00f3sofo, escritor e ensa\u00edsta brasileiro;&nbsp;Pedro Janot \u2013 foi&nbsp;CEO da Zara no Brasil, passando pelo Grupo P\u00e3o de A\u00e7\u00facar e ex CEO da Azul;&nbsp;Priscila Fantin, atriz &#8211; produtora executiva e redatora e Renato Meirelles &#8211;&nbsp;Presidente do Instituto de Pesquisa Locomotiva, fundador do Data Favela e da iO Diversidade.<\/p>\n\n\n\n<p>O 13\u00ba Congresso FENAUTO conta com o patroc\u00ednio do&nbsp;Banco Pan, BV, C6 Bank, Ita\u00fa, Safra e Santander, al\u00e9m do apoio da B3, Cox Automotive, Grupo OLX, Localiza Seminovos, Mercado&nbsp;Livre e TecnoBank, entre outros.<\/p>\n\n\n\n<p>Veja abaixo hor\u00e1rios, local e como se inscrever para o 13\u00ba Congresso FENAUTO.&nbsp;<\/p>\n\n\n\n<p><strong>Servi\u00e7o:<\/strong><\/p>\n\n\n\n<p>13\u00ba Congresso FENAUTO<\/p>\n\n\n\n<p>Dias 3, 4 e 5 de dezembro de 2024.<\/p>\n\n\n\n<p>Hor\u00e1rios: Dia 03, a partir das 9h. Dias 4 e 5, das 9h30m \u00e0s 19h.<\/p>\n\n\n\n<p>Local: Expo Center Norte \u2013 Pavilh\u00e3o Branco<\/p>\n\n\n\n<p>Rua Jos\u00e9 Bernardo Pinto, 333 &#8211; Vila Guilherme &#8211; S\u00e3o Paulo \u2013 SP.<\/p>\n\n\n\n<p>Informa\u00e7\u00f5es para inscri\u00e7\u00f5es:&nbsp;<a href=\"https:\/\/api.whatsapp.com\/send\/?phone=5511989774541&amp;text=Ol%C3%A1%2C+estou+interessado+no+Congresso+Fenauto&amp;type=phone_number&amp;app_absent=0\">https:\/\/api.whatsapp.com\/send\/?phone=5511989774541&amp;text=Ol%C3%A1%2C+estou+interessado+no+Congresso+Fenauto&amp;type=phone_number&amp;app_absent=0<\/a><\/p>\n","protected":false},"excerpt":{"rendered":"<p>Nos dias 3, 4 e 5 de dezembro acontece, no Expo Center Norte, em S\u00e3o Paulo, a 13\u00aa Edi\u00e7\u00e3o do Congresso FENAUTO, maior evento do setor automotivo do Brasil. A principal novidade para a edi\u00e7\u00e3o deste ano fica para a maior abrang\u00eancia do evento que, agora, passa a ser Internacional, com a presen\u00e7a de representantes [&hellip;]<\/p>\n","protected":false},"author":2,"featured_media":3973,"comment_status":"open","ping_status":"open","sticky":false,"template":"","format":"standard","meta":{"footnotes":""},"categories":[23],"tags":[],"class_list":{"0":"post-3972","1":"post","2":"type-post","3":"status-publish","4":"format-standard","5":"has-post-thumbnail","7":"category-feirasdenegocios"},"_links":{"self":[{"href":"https:\/\/tveventos.tv.br\/index.php?rest_route=\/wp\/v2\/posts\/3972","targetHints":{"allow":["GET"]}}],"collection":[{"href":"https:\/\/tveventos.tv.br\/index.php?rest_route=\/wp\/v2\/posts"}],"about":[{"href":"https:\/\/tveventos.tv.br\/index.php?rest_route=\/wp\/v2\/types\/post"}],"author":[{"embeddable":true,"href":"https:\/\/tveventos.tv.br\/index.php?rest_route=\/wp\/v2\/users\/2"}],"replies":[{"embeddable":true,"href":"https:\/\/tveventos.tv.br\/index.php?rest_route=%2Fwp%2Fv2%2Fcomments&post=3972"}],"version-history":[{"count":1,"href":"https:\/\/tveventos.tv.br\/index.php?rest_route=\/wp\/v2\/posts\/3972\/revisions"}],"predecessor-version":[{"id":3974,"href":"https:\/\/tveventos.tv.br\/index.php?rest_route=\/wp\/v2\/posts\/3972\/revisions\/3974"}],"wp:featuredmedia":[{"embeddable":true,"href":"https:\/\/tveventos.tv.br\/index.php?rest_route=\/wp\/v2\/media\/3973"}],"wp:attachment":[{"href":"https:\/\/tveventos.tv.br\/index.php?rest_route=%2Fwp%2Fv2%2Fmedia&parent=3972"}],"wp:term":[{"taxonomy":"category","embeddable":true,"href":"https:\/\/tveventos.tv.br\/index.php?rest_route=%2Fwp%2Fv2%2Fcategories&post=3972"},{"taxonomy":"post_tag","embeddable":true,"href":"https:\/\/tveventos.tv.br\/index.php?rest_route=%2Fwp%2Fv2%2Ftags&post=3972"}],"curies":[{"name":"wp","href":"https:\/\/api.w.org\/{rel}","templated":true}]}}