{"id":3975,"date":"2024-11-21T10:31:32","date_gmt":"2024-11-21T13:31:32","guid":{"rendered":"https:\/\/tveventos.tv.br\/?p=3975"},"modified":"2024-11-21T10:31:36","modified_gmt":"2024-11-21T13:31:36","slug":"hsm-reune-4-mil-pessoas-e-principais-lideres-do-pais-nos-dias-26-e-27-em-sp","status":"publish","type":"post","link":"https:\/\/tveventos.tv.br\/?p=3975","title":{"rendered":"HSM+ re\u00fane 4 mil pessoas e principais l\u00edderes do pa\u00eds nos dias 26 e 27 em SP"},"content":{"rendered":"\n<p class=\"has-text-align-center\"><em>Sob o tema \u2018Conex\u00f5es Significativas\u2019, evento contar\u00e1 com mais de 20 CEOs, incluindo do iFood, Rock in Rio, Vivo, Cacau Show, al\u00e9m de principais vozes globais para conte\u00fados diversos e exclusivos<\/em>.<\/p>\n\n\n\n<p>A cidade de S\u00e3o Paulo, a capital dos neg\u00f3cios do pa\u00eds, recebe entre 26 e 27 de novembro (ter\u00e7a e quarta-feira) a 24\u00aa edi\u00e7\u00e3o do&nbsp;<strong>hsm+<\/strong>, o maior evento de gest\u00e3o e inova\u00e7\u00e3o da Am\u00e9rica Latina, respons\u00e1vel por impulsionar a atualiza\u00e7\u00e3o de empreendedores, executivos e CEOs. A expectativa \u00e9 receber mais de 4 mil pessoas. Neste ano, inclusive, al\u00e9m de ter a possibilidade de receber certificado da HSM \u2013 maior plataforma de educa\u00e7\u00e3o corporativa do pa\u00eds -, o p\u00fablico tamb\u00e9m poder\u00e1 receber microcertificados a partir da participa\u00e7\u00e3o em quatro conte\u00fados em uma \u00fanica trilha (s\u00e3o nove no total).<\/p>\n\n\n\n<p>Outra novidade \u00e9 que o evento, que vem com o tema \u201c<strong>Conex\u00f5es Significativas<\/strong>\u201d, ser\u00e1 aberto, pela primeira vez, com um mon\u00f3logo especialmente personalizado para a ocasi\u00e3o, montado e apresentado pela atriz Denise Fraga.<\/p>\n\n\n\n<p>Profissionais internacionalmente renomados integram a rela\u00e7\u00e3o de mais de 200 palestrantes. Entre eles est\u00e1&nbsp;<strong>Alex Tapscott<\/strong>, conhecido pela influ\u00eancia no desenvolvimento da Web3 e precursor do debate p\u00fablico sobre blockchain e criptomoedas.&nbsp;<strong>Marcos Troyjo<\/strong>, economista brasileiro eex-presidente do Novo Banco de Desenvolvimento (o chamado \u201cBanco do BRICS\u201d) tamb\u00e9m faz parte da listagem, ao lado de&nbsp;<strong>Philippa Perry<\/strong>, psicoterapeuta, defensora de um mundo de aten\u00e7\u00e3o compartilhada e menos sustentado por v\u00edcios em telas e autora do \u201cO Livro que Voc\u00ea Gostaria que Todas as Pessoas que Voc\u00ea Ama Lessem (e Talvez Algumas que Voc\u00ea N\u00e3o Ame)\u201d.<\/p>\n\n\n\n<p>Al\u00e9m deles, fazem parte da lista&nbsp;<strong>Roman Krznaric<\/strong>, criador do Museu da Empatia, pesquisador do Clube de Roma (um dos principais centros de pesquisa cient\u00edfica do mundo) e membro fundador da The School of Life, e&nbsp;<strong>Scott Galloway<\/strong>, reconhecido como \u201cguru do Vale do Sil\u00edcio\u201d por explorar o impacto das tecnologias exponenciais.<\/p>\n\n\n\n<p>Os participantes do hsm+ ter\u00e3o ainda a oportunidade de conferir de perto palestras com mais de 20 CEOs de empresas nacional e internacionalmente conhecidas: Diego Barreto, CEO do<strong>&nbsp;iFood<\/strong>; Christian Gebara, CEO da&nbsp;<strong>Vivo<\/strong>; Luis Justo, CEO do<strong>&nbsp;Rock in Rio<\/strong>; Alexandre Costa, CEO da&nbsp;<strong>Cacau Show;<\/strong>&nbsp;e muitos outros.<\/p>\n\n\n\n<p>O p\u00fablico tamb\u00e9m poder\u00e1 acompanhar insights de nomes como: Marcelo Pinheiro, head de Ciberseguran\u00e7a do Google; Neidinha Suru\u00ed, ativista, indigenista e fundadora da Associa\u00e7\u00e3o de Defesa Etnoambiental Kanind\u00e9, respons\u00e1vel pela coordena\u00e7\u00e3o de projetos etnoambientais e culturais, e considerada uma refer\u00eancia na \u00e1rea de diagn\u00f3stico e planos de gest\u00e3o ambiental; e Txa\u00ed Suru\u00ed, ativista e \u00fanica brasileira que discursou na COP26, ficando conhecida em todo o mundo ap\u00f3s seu discurso em Glasgow apontar a necessidade de defender a Amaz\u00f4nia contra o desmatamento.<\/p>\n\n\n\n<p>Acesse a rela\u00e7\u00e3o completa de palestrantes e seus respectivas pain\u00e9is por meio do site do&nbsp;<strong>hsm+<\/strong>:&nbsp;<a href=\"https:\/\/hsmmais.com.br\/\" target=\"_blank\" rel=\"noreferrer noopener\">Link<\/a>. O evento acontece no Transam\u00e9rica Expo Center, que fica em Santo Amaro, na Zona Sul de S\u00e3o Paulo.<\/p>\n\n\n\n<p>SERVI\u00c7O&nbsp;<\/p>\n\n\n\n<p><strong>24\u00ba hsm+<\/strong>&nbsp;<\/p>\n\n\n\n<p><strong>Dias<\/strong>: 26 e 27 de outubro (ter\u00e7a e quarta-feira)<\/p>\n\n\n\n<p><strong>Local<\/strong>: Transam\u00e9rica Expo Center (Av. Dr. M\u00e1rio Vilas Boas Rodrigues, 387, Santo Amaro, S\u00e3o Paulo)<\/p>\n\n\n\n<p><strong>Site<\/strong>:&nbsp;<a href=\"https:\/\/hsmmais.com.br\/\" target=\"_blank\" rel=\"noreferrer noopener\">Link<\/a>&nbsp;<\/p>\n\n\n\n<p><em><strong>Sobre o hsm+&nbsp;<\/strong><\/em>&nbsp;<\/p>\n\n\n\n<p><em>O hsm+ \u00e9 o maior evento de gest\u00e3o da Am\u00e9rica Latina, reunindo as principais vozes globais e protagonistas do cen\u00e1rio brasileiro em mais de 50 horas de conte\u00fado durante dois dias. A ocasi\u00e3o \u00e9 uma oportunidade para encontros presenciais de investidores, gestores e l\u00edderes do Brasil e do mundo. Uma experi\u00eancia ainda mais transformadora de conhecimento, pr\u00e1tica e relacionamento. O principal evento da HSM \u00e9 uma plataforma de conhecimento e reflete o que a empresa vem construindo ao longo de seus 37 anos: ser one stop shop da educa\u00e7\u00e3o corporativa, oferecendo tudo para uma jornada de lifelong learning individual, al\u00e9m de proporcionar networking para empresas e oportunidade para novos neg\u00f3cios. Para apoiar na execu\u00e7\u00e3o, a HSM se juntou ao maior organizador de confer\u00eancias profissionais do mundo \u2013 a MCI, com sede em Genebra, na Su\u00ed\u00e7a. Ap\u00f3s 22 anos como HSM Expo, o evento mudou de nome para hsm+ por entender que a jornada vai al\u00e9m das exposi\u00e7\u00f5es e aposta em um formato mais voltado para o user experience.<\/em>&nbsp;<\/p>\n\n\n\n<p><em><strong>Sobre a MCI&nbsp;<\/strong><\/em>&nbsp;<\/p>\n\n\n\n<p><em>A MCI \u00e9 uma ag\u00eancia global de marketing de engajamento que transforma a rela\u00e7\u00e3o das pessoas e empresas em experi\u00eancias memor\u00e1veis. Com mais de 30 anos de experi\u00eancia, est\u00e1 presente em 31 pa\u00edses, com mais de 60 escrit\u00f3rios. Disposta a transformar os desafios dos clientes em oportunidades de forma estrat\u00e9gica, atua como consultora e parceira e j\u00e1 entregou mais de 5,5 mil campanhas e ativa\u00e7\u00f5es para mais de 1,2 mil clientes ao longo dos anos.<\/em><\/p>\n","protected":false},"excerpt":{"rendered":"<p>Sob o tema \u2018Conex\u00f5es Significativas\u2019, evento contar\u00e1 com mais de 20 CEOs, incluindo do iFood, Rock in Rio, Vivo, Cacau Show, al\u00e9m de principais vozes globais para conte\u00fados diversos e exclusivos. A cidade de S\u00e3o Paulo, a capital dos neg\u00f3cios do pa\u00eds, recebe entre 26 e 27 de novembro (ter\u00e7a e quarta-feira) a 24\u00aa edi\u00e7\u00e3o [&hellip;]<\/p>\n","protected":false},"author":2,"featured_media":3976,"comment_status":"open","ping_status":"open","sticky":false,"template":"","format":"standard","meta":{"footnotes":""},"categories":[23],"tags":[],"class_list":{"0":"post-3975","1":"post","2":"type-post","3":"status-publish","4":"format-standard","5":"has-post-thumbnail","7":"category-feirasdenegocios"},"_links":{"self":[{"href":"https:\/\/tveventos.tv.br\/index.php?rest_route=\/wp\/v2\/posts\/3975","targetHints":{"allow":["GET"]}}],"collection":[{"href":"https:\/\/tveventos.tv.br\/index.php?rest_route=\/wp\/v2\/posts"}],"about":[{"href":"https:\/\/tveventos.tv.br\/index.php?rest_route=\/wp\/v2\/types\/post"}],"author":[{"embeddable":true,"href":"https:\/\/tveventos.tv.br\/index.php?rest_route=\/wp\/v2\/users\/2"}],"replies":[{"embeddable":true,"href":"https:\/\/tveventos.tv.br\/index.php?rest_route=%2Fwp%2Fv2%2Fcomments&post=3975"}],"version-history":[{"count":1,"href":"https:\/\/tveventos.tv.br\/index.php?rest_route=\/wp\/v2\/posts\/3975\/revisions"}],"predecessor-version":[{"id":3977,"href":"https:\/\/tveventos.tv.br\/index.php?rest_route=\/wp\/v2\/posts\/3975\/revisions\/3977"}],"wp:featuredmedia":[{"embeddable":true,"href":"https:\/\/tveventos.tv.br\/index.php?rest_route=\/wp\/v2\/media\/3976"}],"wp:attachment":[{"href":"https:\/\/tveventos.tv.br\/index.php?rest_route=%2Fwp%2Fv2%2Fmedia&parent=3975"}],"wp:term":[{"taxonomy":"category","embeddable":true,"href":"https:\/\/tveventos.tv.br\/index.php?rest_route=%2Fwp%2Fv2%2Fcategories&post=3975"},{"taxonomy":"post_tag","embeddable":true,"href":"https:\/\/tveventos.tv.br\/index.php?rest_route=%2Fwp%2Fv2%2Ftags&post=3975"}],"curies":[{"name":"wp","href":"https:\/\/api.w.org\/{rel}","templated":true}]}}