{"id":3981,"date":"2024-11-25T11:12:04","date_gmt":"2024-11-25T14:12:04","guid":{"rendered":"https:\/\/tveventos.tv.br\/?p=3981"},"modified":"2024-11-25T11:12:07","modified_gmt":"2024-11-25T14:12:07","slug":"plastico-brasil-2025-abre-credenciamento-para-visitantes","status":"publish","type":"post","link":"https:\/\/tveventos.tv.br\/?p=3981","title":{"rendered":"Pl\u00e1stico Brasil 2025 abre credenciamento para visitantes"},"content":{"rendered":"\n<p class=\"has-text-align-center\"><em>Evento ocorrer\u00e1 entre 24 e 28 de mar\u00e7o, no S\u00e3o Paulo Expo, e deve reunir 57 mil pessoas que atuam na cadeia de transforma\u00e7\u00e3o do pl\u00e1stico<\/em><\/p>\n\n\n\n<p>A Informa Markets, promotora e organizadora da feira internacional Pl\u00e1stico Brasil, abriu o credenciamento para visitantes. As inscri\u00e7\u00f5es s\u00e3o gratuitas e podem ser feitas por meio do&nbsp;<a href=\"https:\/\/www.plasticobrasil.com.br\/pt\/credenciamento.html\" target=\"_blank\" rel=\"noreferrer noopener\">site<\/a>&nbsp;do evento.&nbsp;&nbsp;&nbsp;<\/p>\n\n\n\n<p>A quarta edi\u00e7\u00e3o da feira ser\u00e1 realizada entre 24 e 28 de mar\u00e7o de 2025, no S\u00e3o Paulo Expo, e reunir\u00e1 mais de mil marcas que atuam na ind\u00fastria de transforma\u00e7\u00e3o do pl\u00e1stico.&nbsp;&nbsp;&nbsp;&nbsp;<\/p>\n\n\n\n<p>&#8220;A ind\u00fastria de transforma\u00e7\u00e3o do pl\u00e1stico tem buscado ampliar sua efici\u00eancia e a inova\u00e7\u00e3o na cadeia tem contribu\u00eddo para este movimento. Por isso, ao longo da Pl\u00e1stico Brasil deste ano, players do Brasil e de diferentes pa\u00edses v\u00e3o apresentar suas tecnologias e novidades para o mercado&#8221;, comenta Liliane&nbsp;Bortoluci, diretora da Pl\u00e1stico Brasil.&nbsp;<\/p>\n\n\n\n<p>Para 2025, a organiza\u00e7\u00e3o da feira espera receber a visita\u00e7\u00e3o de 57 mil visitantes. O encontro \u00e9 uma iniciativa da Associa\u00e7\u00e3o Brasileira da Ind\u00fastria de M\u00e1quinas e Equipamentos (ABIMAQ) e da Associa\u00e7\u00e3o Brasileira da Ind\u00fastria do Pl\u00e1stico (Abiplast).&nbsp;<\/p>\n\n\n\n<p>\u201cA Pl\u00e1stico Brasil se consolidou como um dos principais encontros do setor para networking e realiza\u00e7\u00e3o de neg\u00f3cio, al\u00e9m de uma importante aproxima\u00e7\u00e3o do setor com a academia, por meio de parcerias com as universidades\u201d, destaca Liliane.&nbsp;<\/p>\n\n\n\n<p>Por ser um evento de neg\u00f3cios, n\u00e3o \u00e9 permitida a entrada de menores de 16 anos, mesmo que acompanhados dos pais e\/ou respons\u00e1veis. Neste caso, a exce\u00e7\u00e3o s\u00e3o alunos de escolas t\u00e9cnicas, com idade acima de 14 anos e credenciados pela respectiva institui\u00e7\u00e3o, que poder\u00e3o participar do evento em grupos, sob supervis\u00e3o de professores. Al\u00e9m disso, crian\u00e7as de colo e em fase de aleitamento materno tamb\u00e9m t\u00eam permiss\u00e3o para acessar o evento com os respons\u00e1veis.&nbsp;<\/p>\n\n\n\n<p><strong>Servi\u00e7o<\/strong>&nbsp;<\/p>\n\n\n\n<p><strong>Feira Pl\u00e1stico Brasil<\/strong>&nbsp;<br>Data: 24 a 28 de mar\u00e7o de 2025&nbsp;<br>Local: S\u00e3o Paulo Expo &#8211; S\u00e3o Paulo, Capital&nbsp;<br>Site:&nbsp;<a href=\"https:\/\/www.plasticobrasil.com.br\/pt\/credenciamento.html\" target=\"_blank\" rel=\"noreferrer noopener\">https:\/\/www.plasticobrasil.com.br\/pt\/credenciamento.html<\/a>&nbsp;<\/p>\n\n\n\n<p><strong>Sobre a Pl\u00e1stico Brasil<\/strong>&nbsp;<\/p>\n\n\n\n<p>Promovida pela Informa Markets, a Feira Pl\u00e1stico Brasil \u00e9 um evento que re\u00fane tecnologias inovadoras e lan\u00e7amentos destinados aos profissionais da ind\u00fastria de transforma\u00e7\u00e3o do pl\u00e1stico. Em sua quarta edi\u00e7\u00e3o, que ser\u00e1 realizada do dia 24 a 28 de mar\u00e7o de 2025, estar\u00e3o presentes mais de mil marcas, nacionais e internacionais, das \u00e1reas da constru\u00e7\u00e3o civil, ind\u00fastrias de alimentos e bebidas, automobil\u00edstica, perfumaria, higiene e limpeza, entre outros. A Pl\u00e1stico Brasil \u00e9 uma iniciativa da Associa\u00e7\u00e3o Brasileira da Ind\u00fastria de M\u00e1quinas e Equipamentos (ABIMAQ) e da Associa\u00e7\u00e3o Brasileira da Ind\u00fastria do Pl\u00e1stico (Abiplast).&nbsp;<\/p>\n\n\n\n<p><strong>Sobre a Informa Markets<\/strong>&nbsp;<\/p>\n\n\n\n<p>A Informa Markets conecta pessoas e mercados por meio de solu\u00e7\u00f5es digitais, conte\u00fado especializado, feiras de neg\u00f3cios, eventos h\u00edbridos e intelig\u00eancia de mercado, construindo uma jornada de relacionamento e neg\u00f3cios entre empresas e mercados 365 dias por ano. Presente em mais de 30 pa\u00edses, atua na Am\u00e9rica Latina h\u00e1 27 anos, com escrit\u00f3rios no Brasil e no M\u00e9xico, entregando anualmente mais de 30 eventos h\u00edbridos, 70 eventos digitais, portais de not\u00edcia e plataformas digitais de conex\u00e3o e neg\u00f3cios.&nbsp;<\/p>\n\n\n\n<p>Para saber mais, acesse&nbsp;<a href=\"https:\/\/www.informamarkets.com.br\/\" target=\"_blank\" rel=\"noreferrer noopener\">www.informamarkets.com.br<\/a>.&nbsp;<\/p>\n","protected":false},"excerpt":{"rendered":"<p>Evento ocorrer\u00e1 entre 24 e 28 de mar\u00e7o, no S\u00e3o Paulo Expo, e deve reunir 57 mil pessoas que atuam na cadeia de transforma\u00e7\u00e3o do pl\u00e1stico A Informa Markets, promotora e organizadora da feira internacional Pl\u00e1stico Brasil, abriu o credenciamento para visitantes. As inscri\u00e7\u00f5es s\u00e3o gratuitas e podem ser feitas por meio do&nbsp;site&nbsp;do evento.&nbsp;&nbsp;&nbsp; A [&hellip;]<\/p>\n","protected":false},"author":2,"featured_media":3982,"comment_status":"open","ping_status":"open","sticky":false,"template":"","format":"standard","meta":{"footnotes":""},"categories":[23],"tags":[],"class_list":{"0":"post-3981","1":"post","2":"type-post","3":"status-publish","4":"format-standard","5":"has-post-thumbnail","7":"category-feirasdenegocios"},"_links":{"self":[{"href":"https:\/\/tveventos.tv.br\/index.php?rest_route=\/wp\/v2\/posts\/3981","targetHints":{"allow":["GET"]}}],"collection":[{"href":"https:\/\/tveventos.tv.br\/index.php?rest_route=\/wp\/v2\/posts"}],"about":[{"href":"https:\/\/tveventos.tv.br\/index.php?rest_route=\/wp\/v2\/types\/post"}],"author":[{"embeddable":true,"href":"https:\/\/tveventos.tv.br\/index.php?rest_route=\/wp\/v2\/users\/2"}],"replies":[{"embeddable":true,"href":"https:\/\/tveventos.tv.br\/index.php?rest_route=%2Fwp%2Fv2%2Fcomments&post=3981"}],"version-history":[{"count":1,"href":"https:\/\/tveventos.tv.br\/index.php?rest_route=\/wp\/v2\/posts\/3981\/revisions"}],"predecessor-version":[{"id":3983,"href":"https:\/\/tveventos.tv.br\/index.php?rest_route=\/wp\/v2\/posts\/3981\/revisions\/3983"}],"wp:featuredmedia":[{"embeddable":true,"href":"https:\/\/tveventos.tv.br\/index.php?rest_route=\/wp\/v2\/media\/3982"}],"wp:attachment":[{"href":"https:\/\/tveventos.tv.br\/index.php?rest_route=%2Fwp%2Fv2%2Fmedia&parent=3981"}],"wp:term":[{"taxonomy":"category","embeddable":true,"href":"https:\/\/tveventos.tv.br\/index.php?rest_route=%2Fwp%2Fv2%2Fcategories&post=3981"},{"taxonomy":"post_tag","embeddable":true,"href":"https:\/\/tveventos.tv.br\/index.php?rest_route=%2Fwp%2Fv2%2Ftags&post=3981"}],"curies":[{"name":"wp","href":"https:\/\/api.w.org\/{rel}","templated":true}]}}