{"id":3984,"date":"2024-11-25T12:09:18","date_gmt":"2024-11-25T15:09:18","guid":{"rendered":"https:\/\/tveventos.tv.br\/?p=3984"},"modified":"2024-11-25T12:09:26","modified_gmt":"2024-11-25T15:09:26","slug":"8a-expo-motorhome-bate-recordes-com-25-mil-visitantes","status":"publish","type":"post","link":"https:\/\/tveventos.tv.br\/?p=3984","title":{"rendered":"8\u00aa Expo Motorhome bate recordes com 25 mil visitantes"},"content":{"rendered":"\n<p>A&nbsp;<strong>8\u00aa Expo Motorhome<\/strong>, maior feira de campismo e caravanismo da Am\u00e9rica Latina, encerrou sua edi\u00e7\u00e3o de 2024 com n\u00fameros hist\u00f3ricos: 24.580 visitantes, 153 expositores e&nbsp;<strong>R$ 500 milh\u00f5es em neg\u00f3cios<\/strong>&nbsp;gerados. Realizado entre os dias 13 e 17 de novembro no Expotrade, em Pinhais (PR), o evento registrou um crescimento de 25% em rela\u00e7\u00e3o ao ano anterior e j\u00e1 tem a&nbsp;<strong>9\u00aa edi\u00e7\u00e3o confirmada para os dias 12 a 16 de novembro de 2025<\/strong>.<\/p>\n\n\n\n<p>O aumento na popularidade de destinos tur\u00edsticos junto \u00e0 natureza foi um dos principais fatores para o sucesso do evento. Ap\u00f3s a pandemia, a busca por equipamentos como barracas, trailers, campers e motorhomes disparou, impulsionando o mercado.<\/p>\n\n\n\n<p>O&nbsp;<strong>camping oficial<\/strong>&nbsp;da feira, localizado a 2 km do Expotrade, foi mais uma vez um sucesso, abrigando 680 ve\u00edculos recreativos, quase atingindo sua capacidade m\u00e1xima. \u201cOs resultados superaram nossas expectativas e refletem o crescimento acelerado do segmento no Brasil\u201d, destacou&nbsp;<strong>Alexandre Boff<\/strong>, diretor da Expo Motorhome.<\/p>\n\n\n\n<p>Visitantes de v\u00e1rias partes do Brasil e do exterior marcaram presen\u00e7a, como o casal argentino Pablo Borgatello e Maria Fernandez, que percorreu 1.820 km de Buenos Aires at\u00e9 Pinhais para explorar as inova\u00e7\u00f5es do setor. Entre os expositores, dois vieram da Argentina, refor\u00e7ando o car\u00e1ter internacional do evento.<\/p>\n\n\n\n<p>A feira tamb\u00e9m recebeu representantes da&nbsp;<strong>Caravan Salon D\u00fcsseldorf<\/strong>, maior evento mundial do segmento. Stefan Koschke, diretor da feira alem\u00e3, elogiou a qualidade dos ve\u00edculos brasileiros e o potencial de expans\u00e3o do mercado local.<\/p>\n\n\n\n<p>Nos corredores da Expo Motorhome, o clima era de alto astral. Modelos de ve\u00edculos recreativos variavam de&nbsp;<strong>R$ 9,9 mil a R$ 5 milh\u00f5es<\/strong>, atraindo p\u00fablicos diversos. Na \u00e1rea de seminovos, havia op\u00e7\u00f5es entre R$ 100 mil e R$ 1 milh\u00e3o. A cada venda concretizada, comemora\u00e7\u00f5es ecoavam pelos estandes, culminando em um&nbsp;<strong>buzina\u00e7o coletivo<\/strong>&nbsp;que marcou o encerramento do evento.<\/p>\n\n\n\n<p><strong>F\u00f3rum e Palestras Disputadas<\/strong><\/p>\n\n\n\n<p>A programa\u00e7\u00e3o incluiu o&nbsp;<strong>1\u00ba F\u00f3rum de Campismo e Caravanismo do Mercosul<\/strong>&nbsp;e 17 palestras gratuitas, com destaque para os youtubers Alessandro De Franceschi e Maria Eduarda Cardoso, do canal GetOutside. O casal, conhecido por suas aventuras de van pelas Am\u00e9ricas, emocionou o p\u00fablico com relatos inspiradores.<\/p>\n\n\n\n<p>\u201cEncontrar pessoalmente quem nos acompanha torna a experi\u00eancia indescrit\u00edvel\u201d, compartilhou Ale, que participou pela segunda vez do evento.<\/p>\n\n\n\n<p><strong>Pr\u00f3xima Edi\u00e7\u00e3o Confirmada<\/strong><\/p>\n\n\n\n<p>O sucesso da 8\u00aa Expo Motorhome refor\u00e7a sua posi\u00e7\u00e3o como refer\u00eancia no setor de campismo e caravanismo. A pr\u00f3xima edi\u00e7\u00e3o, marcada para novembro de 2025, promete trazer ainda mais inova\u00e7\u00f5es, neg\u00f3cios e inspira\u00e7\u00e3o para entusiastas e profissionais do segmento.<\/p>\n","protected":false},"excerpt":{"rendered":"<p>A&nbsp;8\u00aa Expo Motorhome, maior feira de campismo e caravanismo da Am\u00e9rica Latina, encerrou sua edi\u00e7\u00e3o de 2024 com n\u00fameros hist\u00f3ricos: 24.580 visitantes, 153 expositores e&nbsp;R$ 500 milh\u00f5es em neg\u00f3cios&nbsp;gerados. Realizado entre os dias 13 e 17 de novembro no Expotrade, em Pinhais (PR), o evento registrou um crescimento de 25% em rela\u00e7\u00e3o ao ano anterior [&hellip;]<\/p>\n","protected":false},"author":2,"featured_media":3985,"comment_status":"open","ping_status":"open","sticky":false,"template":"","format":"standard","meta":{"footnotes":""},"categories":[23],"tags":[],"class_list":{"0":"post-3984","1":"post","2":"type-post","3":"status-publish","4":"format-standard","5":"has-post-thumbnail","7":"category-feirasdenegocios"},"_links":{"self":[{"href":"https:\/\/tveventos.tv.br\/index.php?rest_route=\/wp\/v2\/posts\/3984","targetHints":{"allow":["GET"]}}],"collection":[{"href":"https:\/\/tveventos.tv.br\/index.php?rest_route=\/wp\/v2\/posts"}],"about":[{"href":"https:\/\/tveventos.tv.br\/index.php?rest_route=\/wp\/v2\/types\/post"}],"author":[{"embeddable":true,"href":"https:\/\/tveventos.tv.br\/index.php?rest_route=\/wp\/v2\/users\/2"}],"replies":[{"embeddable":true,"href":"https:\/\/tveventos.tv.br\/index.php?rest_route=%2Fwp%2Fv2%2Fcomments&post=3984"}],"version-history":[{"count":1,"href":"https:\/\/tveventos.tv.br\/index.php?rest_route=\/wp\/v2\/posts\/3984\/revisions"}],"predecessor-version":[{"id":3986,"href":"https:\/\/tveventos.tv.br\/index.php?rest_route=\/wp\/v2\/posts\/3984\/revisions\/3986"}],"wp:featuredmedia":[{"embeddable":true,"href":"https:\/\/tveventos.tv.br\/index.php?rest_route=\/wp\/v2\/media\/3985"}],"wp:attachment":[{"href":"https:\/\/tveventos.tv.br\/index.php?rest_route=%2Fwp%2Fv2%2Fmedia&parent=3984"}],"wp:term":[{"taxonomy":"category","embeddable":true,"href":"https:\/\/tveventos.tv.br\/index.php?rest_route=%2Fwp%2Fv2%2Fcategories&post=3984"},{"taxonomy":"post_tag","embeddable":true,"href":"https:\/\/tveventos.tv.br\/index.php?rest_route=%2Fwp%2Fv2%2Ftags&post=3984"}],"curies":[{"name":"wp","href":"https:\/\/api.w.org\/{rel}","templated":true}]}}