{"id":3987,"date":"2024-11-26T10:12:45","date_gmt":"2024-11-26T13:12:45","guid":{"rendered":"https:\/\/tveventos.tv.br\/?p=3987"},"modified":"2024-11-26T10:12:49","modified_gmt":"2024-11-26T13:12:49","slug":"vegfest-2024-principais-nomes-e-ongs-nacionais-e-internacionais-se-reunem-em-um-dos-maiores-eventos-veganos-das-americas","status":"publish","type":"post","link":"https:\/\/tveventos.tv.br\/?p=3987","title":{"rendered":"VegFest 2024: Principais nomes e ONGS nacionais e internacionais se re\u00fanem em um dos maiores eventos veganos das Am\u00e9ricas"},"content":{"rendered":"\n<p>O VegFest 2024, um dos maiores e mais esperados eventos veganos das Am\u00e9ricas, retorna com uma edi\u00e7\u00e3o que promete surpreender ainda mais. Entre os destaques est\u00e3o a presen\u00e7a das principais empresas do segmento plant-based do Brasil, al\u00e9m de organiza\u00e7\u00f5es nacionais e internacionais que atuam na prote\u00e7\u00e3o animal, refor\u00e7ando o papel central do evento no movimento vegano e de defesa dos direitos dos animais.<\/p>\n\n\n\n<p><strong>Crescimento cont\u00ednuo e parceria internacional in\u00e9dita<\/strong><\/p>\n\n\n\n<p>Realizado pela Sociedade Vegetariana Brasileira (SVB) em parceria com a Francal Feiras, o VegFest continua a crescer, atraindo um p\u00fablico cada vez&nbsp; mais consciente e engajado. Com o Brasil registrando cerca de 30 milh\u00f5es de vegetarianos, o evento reflete o veganismo como uma macrotend\u00eancia no pa\u00eds. A grande novidade desta edi\u00e7\u00e3o \u00e9 a parceria com o AVA (The Animal &amp; Vegan Advocacy) Summit, que trar\u00e1 ao Brasil o AVA Latin America, agregando ainda mais valor ao evento com uma programa\u00e7\u00e3o dedicada ao ativismo animal.<\/p>\n\n\n\n<p>Essa colabora\u00e7\u00e3o proporcionar\u00e1 um evento trilingue, com palestras e atividades em portugu\u00eas, ingl\u00eas e espanhol, oferecendo uma perspectiva internacional para o p\u00fablico brasileiro. Al\u00e9m de workshops e pain\u00e9is, o AVA Summit financiar\u00e1 a participa\u00e7\u00e3o de ativistas animais, enriquecendo o debate com experi\u00eancias e estrat\u00e9gias globais.<\/p>\n\n\n\n<p><strong>Palestrantes de renome mundial<\/strong><\/p>\n\n\n\n<p>O VegFest 2024 contar\u00e1 com palestrantes renomados do cen\u00e1rio global, que trar\u00e3o suas experi\u00eancias e estrat\u00e9gias de ativismo. Entre alguns das dezenas de nomes confirmados est\u00e3o:<\/p>\n\n\n\n<ul class=\"wp-block-list\">\n<li><strong>Amy Aela Kauler<\/strong>, atriz indiana-australiana e defensora do veganismo;<\/li>\n\n\n\n<li><strong>Dulce Ramirez<\/strong>, representante da ONG Animal Equality;<\/li>\n\n\n\n<li><strong>Genesis Butler<\/strong>, ativista adolescente que desafiou o Papa Francisco a adotar o veganismo durante a Quaresma;<\/li>\n\n\n\n<li><strong>Aaron Ross<\/strong>,\u00a0<strong>Bjorn Olafsson<\/strong>,\u00a0<strong>Leah Garces<\/strong>,\u00a0<strong>Ignacia Uribe<\/strong>\u00a0e\u00a0<strong>Innocent Nabaasa<\/strong>, que tamb\u00e9m marcar\u00e3o presen\u00e7a com suas vis\u00f5es e a\u00e7\u00f5es voltadas \u00e0 defesa dos animais.<\/li>\n<\/ul>\n\n\n\n<p><strong>Feira Vegana com grandes marcas plant-based e produtos inovadores<\/strong><\/p>\n\n\n\n<p>A Feira Vegana do VegFest, aberta ao p\u00fablico e com entrada gratuita, ser\u00e1 um dos principais atrativos do evento. Com mais de 100 expositores, incluindo grandes marcas do segmento plant-based, a feira reunir\u00e1 uma variedade de produtos que v\u00e3o desde alimentos e cosm\u00e9ticos at\u00e9 moda, acess\u00f3rios e produtos para pets. A \u00faltima edi\u00e7\u00e3o atraiu 8.500 visitantes, e a expectativa \u00e9 que o p\u00fablico seja ainda maior em 2024, reafirmando o crescimento acelerado do mercado vegano no Brasil.<\/p>\n\n\n\n<p><strong>Programa\u00e7\u00e3o diversa e atra\u00e7\u00f5es para todos os p\u00fablicos<\/strong><\/p>\n\n\n\n<p>Al\u00e9m da feira, o VegFest 2024 oferecer\u00e1 uma programa\u00e7\u00e3o variada, que inclui palestras, atividades culturais, esportivas e culin\u00e1rias gratuitas. Entre os destaques est\u00e3o:<\/p>\n\n\n\n<ul class=\"wp-block-list\">\n<li><strong>Cozinha Show<\/strong>: Chefs veganos renomados apresentar\u00e3o a versatilidade da culin\u00e1ria \u00e0 base de plantas.<\/li>\n\n\n\n<li><strong>Quadra Esportiva<\/strong>: Espa\u00e7o para a pr\u00e1tica e demonstra\u00e7\u00e3o de modalidades esportivas.<\/li>\n\n\n\n<li><strong>Medita\u00e7\u00e3o, Yoga e Acroyoga<\/strong>: Atividades para o equil\u00edbrio f\u00edsico e mental dos participantes.<\/li>\n<\/ul>\n\n\n\n<p><strong>Oportunidade \u00fanica para o p\u00fablico<\/strong><\/p>\n\n\n\n<p>Com uma programa\u00e7\u00e3o abrangente e a presen\u00e7a das principais empresas plant-based do pa\u00eds e de grandes organiza\u00e7\u00f5es de defesa animal do mundo, o VegFest 2024 em colabora\u00e7\u00e3o com o AVA Summit ser\u00e1 um evento transformador para o p\u00fablico. Uma oportunidade \u00fanica de conhecer mais sobre o veganismo, aprender com especialistas internacionais e se conectar com a crescente comunidade de ativistas.<\/p>\n\n\n\n<p><strong>Servi\u00e7o<\/strong><br>VegFest 2024 e AVA Summit<br>Data: 05 a 08 de dezembro de 2024<br>Hor\u00e1rio: das 09:30 \u00e0s 19:00<br>Local: Expo Center Norte (Pavilh\u00e3o Amarelo)<br>Endere\u00e7o: Rua Jos\u00e9 Bernardo Pinto, 333 \u2013 Vila Guilherme, S\u00e3o Paulo \u2013 SP, 02055-000<br>Telefone: (11) 2089-8500<br>Mais informa\u00e7\u00f5es:&nbsp;<a href=\"http:\/\/www.vegfest.com.br\/\">www.vegfest.com.br<\/a><\/p>\n\n\n\n<p><strong>Sobre a SVB<\/strong><br>Fundada em 2003, a Sociedade Vegetariana Brasileira (SVB) \u00e9 uma organiza\u00e7\u00e3o sem fins lucrativos que promove a alimenta\u00e7\u00e3o vegetariana como uma escolha \u00e9tica, saud\u00e1vel, sustent\u00e1vel e socialmente justa. Por meio de campanhas, programas, eventos e ativismo, a SVB conscientiza sobre os benef\u00edcios do vegetarianismo e trabalha para ampliar o acesso a produtos e servi\u00e7os vegetarianos. Para mais informa\u00e7\u00f5es, acesse&nbsp;<a href=\"http:\/\/www.svb.org.br\/\">www.svb.org.br<\/a>&nbsp;ou os perfis no Instagram, Facebook e YouTube.<\/p>\n\n\n\n<p><strong>Sobre a Francal Feiras<\/strong><br>Com mais de cinco d\u00e9cadas de atua\u00e7\u00e3o, a Francal Feiras \u00e9 uma das principais promotoras de eventos do Brasil. Seus 12 eventos anuais movimentam a economia e oferecem plataformas inovadoras de neg\u00f3cios e experi\u00eancias para os setores em que atua.<\/p>\n\n\n\n<p><strong>Sobre o AVA<\/strong><br>O Animal &amp; Vegan Advocacy (AVA) Summit \u00e9 uma s\u00e9rie de confer\u00eancias internacionais focadas em mudan\u00e7as sist\u00eamicas para remover os animais do sistema alimentar humano.<\/p>\n","protected":false},"excerpt":{"rendered":"<p>O VegFest 2024, um dos maiores e mais esperados eventos veganos das Am\u00e9ricas, retorna com uma edi\u00e7\u00e3o que promete surpreender ainda mais. Entre os destaques est\u00e3o a presen\u00e7a das principais empresas do segmento plant-based do Brasil, al\u00e9m de organiza\u00e7\u00f5es nacionais e internacionais que atuam na prote\u00e7\u00e3o animal, refor\u00e7ando o papel central do evento no movimento [&hellip;]<\/p>\n","protected":false},"author":2,"featured_media":3988,"comment_status":"open","ping_status":"open","sticky":false,"template":"","format":"standard","meta":{"footnotes":""},"categories":[23],"tags":[],"class_list":{"0":"post-3987","1":"post","2":"type-post","3":"status-publish","4":"format-standard","5":"has-post-thumbnail","7":"category-feirasdenegocios"},"_links":{"self":[{"href":"https:\/\/tveventos.tv.br\/index.php?rest_route=\/wp\/v2\/posts\/3987","targetHints":{"allow":["GET"]}}],"collection":[{"href":"https:\/\/tveventos.tv.br\/index.php?rest_route=\/wp\/v2\/posts"}],"about":[{"href":"https:\/\/tveventos.tv.br\/index.php?rest_route=\/wp\/v2\/types\/post"}],"author":[{"embeddable":true,"href":"https:\/\/tveventos.tv.br\/index.php?rest_route=\/wp\/v2\/users\/2"}],"replies":[{"embeddable":true,"href":"https:\/\/tveventos.tv.br\/index.php?rest_route=%2Fwp%2Fv2%2Fcomments&post=3987"}],"version-history":[{"count":1,"href":"https:\/\/tveventos.tv.br\/index.php?rest_route=\/wp\/v2\/posts\/3987\/revisions"}],"predecessor-version":[{"id":3989,"href":"https:\/\/tveventos.tv.br\/index.php?rest_route=\/wp\/v2\/posts\/3987\/revisions\/3989"}],"wp:featuredmedia":[{"embeddable":true,"href":"https:\/\/tveventos.tv.br\/index.php?rest_route=\/wp\/v2\/media\/3988"}],"wp:attachment":[{"href":"https:\/\/tveventos.tv.br\/index.php?rest_route=%2Fwp%2Fv2%2Fmedia&parent=3987"}],"wp:term":[{"taxonomy":"category","embeddable":true,"href":"https:\/\/tveventos.tv.br\/index.php?rest_route=%2Fwp%2Fv2%2Fcategories&post=3987"},{"taxonomy":"post_tag","embeddable":true,"href":"https:\/\/tveventos.tv.br\/index.php?rest_route=%2Fwp%2Fv2%2Ftags&post=3987"}],"curies":[{"name":"wp","href":"https:\/\/api.w.org\/{rel}","templated":true}]}}