{"id":399,"date":"2023-10-20T15:02:28","date_gmt":"2023-10-20T18:02:28","guid":{"rendered":"https:\/\/tveventos.tv.br\/?p=399"},"modified":"2023-10-20T15:02:33","modified_gmt":"2023-10-20T18:02:33","slug":"xvi-convencao-de-contabilidade-da-bahia-discute-sobrevivencia-da-contabilidade-diante-da-a-i","status":"publish","type":"post","link":"https:\/\/tveventos.tv.br\/?p=399","title":{"rendered":"XVI Conven\u00e7\u00e3o de Contabilidade da Bahia discute sobreviv\u00eancia da contabilidade diante da A.I."},"content":{"rendered":"\n<p>A XVI Conven\u00e7\u00e3o de Contabilidade da Bahia retorna, em 2023, ao formato presencial nos dias 19 a 21 de outubro, no Centro de Cultura Crist\u00e3 da Bahia, em Salvador. O evento, realizado pelo Conselho Regional de Contabilidade da Bahia (CRCBA), ter\u00e1 como tema central &#8220;Meta-contabilidade: Pessoas, Tecnologias e Conflitos \u00c9ticos&#8221;, com a proposta de refletir a busca constante por evolu\u00e7\u00e3o e adapta\u00e7\u00e3o na profiss\u00e3o cont\u00e1bil.<\/p>\n\n\n\n<p>Personalidades relevantes est\u00e3o entre os convidados que palestrar\u00e3o no evento. Entre eles, est\u00e3o Geraldo Rufino, fundador da maior recicladora automotiva da Am\u00e9rica Latina, Jessica Senra, \u00e2ncora da TV Bahia, Edgard Cornacchione, controlador-geral da USP e professor titular da FEA\/USP, M\u00e1rio Dehon subsecret\u00e1rio de Arrecada\u00e7\u00e3o, Cadastros e Atendimento da Receita Federal do Brasil e Patrick Matos, diretor de Contabilidade na Natura &amp;Co.<\/p>\n\n\n\n<p>Os temas abordados girar\u00e3o em torno da reinven\u00e7\u00e3o cont\u00ednua da profiss\u00e3o cont\u00e1bil, influenciada pelas tecnologias da informa\u00e7\u00e3o e pelas demandas de um mercado cada vez mais integrado e din\u00e2mico. \u201cA Meta-contabilidade representa a busca constante por inova\u00e7\u00e3o, antecipando mudan\u00e7as cruciais para a sobreviv\u00eancia de uma das profiss\u00f5es mais antigas, que continua se adaptando e desempenhando um papel fundamental no progresso da civiliza\u00e7\u00e3o\u201d, ressalta o presidente do CRCBA, Andr\u00e9 Luis Barbosa.<\/p>\n\n\n\n<p>A conven\u00e7\u00e3o reunir\u00e1 profissionais, estudantes e professores das ci\u00eancias cont\u00e1beis para discutir estrat\u00e9gias inovadoras para os desafios enfrentados pela profiss\u00e3o, considerando os contextos sociais, econ\u00f4micos e pol\u00edticos atuais. Al\u00e9m disso, a programa\u00e7\u00e3o da conven\u00e7\u00e3o contar\u00e1 com palestras, f\u00f3runs, pain\u00e9is, discuss\u00f5es de trabalhos cient\u00edficos, apresenta\u00e7\u00e3o de cases e oficinas.&nbsp;<\/p>\n\n\n\n<p>Os interessados em participar desta confer\u00eancia imperd\u00edvel podem fazer sua inscri\u00e7\u00e3o e obter mais informa\u00e7\u00f5es sobre a XVI Conven\u00e7\u00e3o de Contabilidade da Bahia pelo site:&nbsp;<a href=\"http:\/\/convencao.crcba.org.br\/\" target=\"_blank\" rel=\"noreferrer noopener\">convencao.crcba.org.br<\/a><\/p>\n\n\n\n<p><strong>Servi\u00e7o<\/strong><\/p>\n\n\n\n<p><strong>XVI Conven\u00e7\u00e3o de Contabilidade da Bahia<\/strong><\/p>\n\n\n\n<p><strong>Data<\/strong>: 19 a 21 de outubro<\/p>\n\n\n\n<p><strong>Hor\u00e1rio<\/strong>: Das 09h \u00e0s 20h30 (quinta-feira), 8h \u00e0s 20h (sexta-feira) e 9h \u00e0s 12h (s\u00e1bado)<\/p>\n\n\n\n<p><strong>Local<\/strong>: Centro de Cultura Crist\u00e3 da Bahia (R. Dr. Augusto Lopes Pontes, 262 &#8211; Costa Azul)<\/p>\n\n\n\n<p><strong>Inscri\u00e7\u00f5es<\/strong>:&nbsp;<a href=\"http:\/\/convencao.crcba.org.br\/\" target=\"_blank\" rel=\"noreferrer noopener\">http:\/\/convencao.crcba.org.br\/<\/a><\/p>\n","protected":false},"excerpt":{"rendered":"<p>A XVI Conven\u00e7\u00e3o de Contabilidade da Bahia retorna, em 2023, ao formato presencial nos dias 19 a 21 de outubro, no Centro de Cultura Crist\u00e3 da Bahia, em Salvador. O evento, realizado pelo Conselho Regional de Contabilidade da Bahia (CRCBA), ter\u00e1 como tema central &#8220;Meta-contabilidade: Pessoas, Tecnologias e Conflitos \u00c9ticos&#8221;, com a proposta de refletir [&hellip;]<\/p>\n","protected":false},"author":2,"featured_media":400,"comment_status":"open","ping_status":"open","sticky":false,"template":"","format":"standard","meta":{"footnotes":""},"categories":[1],"tags":[],"class_list":{"0":"post-399","1":"post","2":"type-post","3":"status-publish","4":"format-standard","5":"has-post-thumbnail","7":"category-workshopsepalestras"},"_links":{"self":[{"href":"https:\/\/tveventos.tv.br\/index.php?rest_route=\/wp\/v2\/posts\/399","targetHints":{"allow":["GET"]}}],"collection":[{"href":"https:\/\/tveventos.tv.br\/index.php?rest_route=\/wp\/v2\/posts"}],"about":[{"href":"https:\/\/tveventos.tv.br\/index.php?rest_route=\/wp\/v2\/types\/post"}],"author":[{"embeddable":true,"href":"https:\/\/tveventos.tv.br\/index.php?rest_route=\/wp\/v2\/users\/2"}],"replies":[{"embeddable":true,"href":"https:\/\/tveventos.tv.br\/index.php?rest_route=%2Fwp%2Fv2%2Fcomments&post=399"}],"version-history":[{"count":1,"href":"https:\/\/tveventos.tv.br\/index.php?rest_route=\/wp\/v2\/posts\/399\/revisions"}],"predecessor-version":[{"id":401,"href":"https:\/\/tveventos.tv.br\/index.php?rest_route=\/wp\/v2\/posts\/399\/revisions\/401"}],"wp:featuredmedia":[{"embeddable":true,"href":"https:\/\/tveventos.tv.br\/index.php?rest_route=\/wp\/v2\/media\/400"}],"wp:attachment":[{"href":"https:\/\/tveventos.tv.br\/index.php?rest_route=%2Fwp%2Fv2%2Fmedia&parent=399"}],"wp:term":[{"taxonomy":"category","embeddable":true,"href":"https:\/\/tveventos.tv.br\/index.php?rest_route=%2Fwp%2Fv2%2Fcategories&post=399"},{"taxonomy":"post_tag","embeddable":true,"href":"https:\/\/tveventos.tv.br\/index.php?rest_route=%2Fwp%2Fv2%2Ftags&post=399"}],"curies":[{"name":"wp","href":"https:\/\/api.w.org\/{rel}","templated":true}]}}