{"id":3990,"date":"2024-11-26T10:42:40","date_gmt":"2024-11-26T13:42:40","guid":{"rendered":"https:\/\/tveventos.tv.br\/?p=3990"},"modified":"2024-11-26T10:42:44","modified_gmt":"2024-11-26T13:42:44","slug":"cousp","status":"publish","type":"post","link":"https:\/\/tveventos.tv.br\/?p=3990","title":{"rendered":"COUSP"},"content":{"rendered":"\n<p>27\u00ba Congresso de Oftalmologia e 26\u00ba Congresso de Auxiliar de Oftalmologia da USP.<\/p>\n\n\n\n<p>Junte-se a n\u00f3s no Pr\u00e9-Congresso: 03 a 05 de dezembro, das 09h \u00e0s 18h,  no Centro de Conven\u00e7\u00f5es Rebou\u00e7as.<\/p>\n\n\n\n<p>Congresso: 06 e 07 de dezembro, das 09h \u00e0s 18h,  no Centro de Conven\u00e7\u00f5es Rebou\u00e7as.<\/p>\n\n\n\n<p>Endere\u00e7o: Av Rebou\u00e7as 600, S\u00e3o Paulo, SP, 05402-000<\/p>\n\n\n\n<p><\/p>\n","protected":false},"excerpt":{"rendered":"<p>27\u00ba Congresso de Oftalmologia e 26\u00ba Congresso de Auxiliar de Oftalmologia da USP. Junte-se a n\u00f3s no Pr\u00e9-Congresso: 03 a 05 de dezembro, das 09h \u00e0s 18h, no Centro de Conven\u00e7\u00f5es Rebou\u00e7as. Congresso: 06 e 07 de dezembro, das 09h \u00e0s 18h, no Centro de Conven\u00e7\u00f5es Rebou\u00e7as. Endere\u00e7o: Av Rebou\u00e7as 600, S\u00e3o Paulo, SP, 05402-000<\/p>\n","protected":false},"author":2,"featured_media":3992,"comment_status":"open","ping_status":"open","sticky":false,"template":"","format":"standard","meta":{"footnotes":""},"categories":[25],"tags":[],"class_list":{"0":"post-3990","1":"post","2":"type-post","3":"status-publish","4":"format-standard","5":"has-post-thumbnail","7":"category-calendariodeeventos"},"_links":{"self":[{"href":"https:\/\/tveventos.tv.br\/index.php?rest_route=\/wp\/v2\/posts\/3990","targetHints":{"allow":["GET"]}}],"collection":[{"href":"https:\/\/tveventos.tv.br\/index.php?rest_route=\/wp\/v2\/posts"}],"about":[{"href":"https:\/\/tveventos.tv.br\/index.php?rest_route=\/wp\/v2\/types\/post"}],"author":[{"embeddable":true,"href":"https:\/\/tveventos.tv.br\/index.php?rest_route=\/wp\/v2\/users\/2"}],"replies":[{"embeddable":true,"href":"https:\/\/tveventos.tv.br\/index.php?rest_route=%2Fwp%2Fv2%2Fcomments&post=3990"}],"version-history":[{"count":1,"href":"https:\/\/tveventos.tv.br\/index.php?rest_route=\/wp\/v2\/posts\/3990\/revisions"}],"predecessor-version":[{"id":3993,"href":"https:\/\/tveventos.tv.br\/index.php?rest_route=\/wp\/v2\/posts\/3990\/revisions\/3993"}],"wp:featuredmedia":[{"embeddable":true,"href":"https:\/\/tveventos.tv.br\/index.php?rest_route=\/wp\/v2\/media\/3992"}],"wp:attachment":[{"href":"https:\/\/tveventos.tv.br\/index.php?rest_route=%2Fwp%2Fv2%2Fmedia&parent=3990"}],"wp:term":[{"taxonomy":"category","embeddable":true,"href":"https:\/\/tveventos.tv.br\/index.php?rest_route=%2Fwp%2Fv2%2Fcategories&post=3990"},{"taxonomy":"post_tag","embeddable":true,"href":"https:\/\/tveventos.tv.br\/index.php?rest_route=%2Fwp%2Fv2%2Ftags&post=3990"}],"curies":[{"name":"wp","href":"https:\/\/api.w.org\/{rel}","templated":true}]}}